{"id":1013,"date":"2025-11-21T07:52:00","date_gmt":"2025-11-21T07:52:00","guid":{"rendered":"https:\/\/observadoreconomico.com\/?p=1013"},"modified":"2025-11-18T20:06:27","modified_gmt":"2025-11-18T20:06:27","slug":"la-extension-de-la-depresion","status":"publish","type":"post","link":"https:\/\/observadoreconomico.com\/en\/historia-economica\/la-extension-de-la-depresion\/","title":{"rendered":"La extensi\u00f3n de la depresi\u00f3n"},"content":{"rendered":"<p>La depresi\u00f3n de los a\u00f1os treinta se da por el peso de la econom\u00eda americana en el mundo. La producci\u00f3n industrial mundial disminuye en un 37%, s\u00f3lo en un 25% durante el mismo periodo. Por el contrario, estos mismos intercambios acusan una disminuci\u00f3n del 60% en valor debido al hundimiento de los precios. La repatriaci\u00f3n masiva de los capitales americanos invertidos en el extranjero es una causa suplementaria del repliegue de los intercambios internacionales. En 1929, los Estados Unidos proporcionan al resto del mundo 7.400 millones de d\u00f3lares como contrapartida de las importaciones y como inversiones en el extranjero. El volumen total de las importaciones mundiales, este mismo a\u00f1o, se eleva a 35.601 millones de d\u00f3lares.&nbsp;<\/p>\n\n\n\n<p>En 1932, los Estados Unidos ofrecen al resto del mundo solamente 5.000 millones, lo que representa una disminuci\u00f3n del 32% con relaci\u00f3n a 1929. La disminuci\u00f3n de la demanda global americana bastaba para iniciar un proceso multiplicador negativo en la econom\u00eda mundial. El vuelco de la producci\u00f3n industrial ocurri\u00f3 en Alemania a partir de 1928. La causa principal fue la salida de los capitales americanos. El excedente de la balanza comercial americana baj\u00f3 de 1.440 millones de d\u00f3lares en 1928 a 357 millones de d\u00f3lares en 1933. A partir de 1934 las importaciones resultan mayores que las exportaciones y crean un d\u00e9ficit de 740 millones de d\u00f3lares. Este d\u00e9ficit supera los 1.000 millones de d\u00f3lares en 1935, 1936, 1937 y 1938.<\/p>\n\n\n\n<p>Todos los pa\u00edses no son alcanzados en el mismo grado; los Estados Unidos y Alemania vienen a la cabeza, como lo indican las cifras del cuadro XIV. La pol\u00edtica alemana de deflaci\u00f3n sistem\u00e1tica, por miedo a volver a una inflaci\u00f3n galopante como la de 1923, no hizo sino acentuarla tendencia a la depresi\u00f3n. En julio de 1931, se instituy\u00f3 el control de los cambios. Esta medida proteccionista tend\u00eda a frenar las huidas de capital y no era m\u00e1s que uno de los numerosos medios puestos en funcionamiento a partir de la crisis mundial para intentar vencer la depresi\u00f3n. Cada pa\u00eds intent\u00f3 \u201cexportar su paro \u201cfomentando sus exportaciones y frenando las importaciones.&nbsp;<\/p>\n\n\n\n<p>El abandono del patr\u00f3n oro por Gran Breta\u00f1a en 1931 y el hundimiento del sistema monetario internacional no hicieron sino aumentar las dificultades. Se trata del vuelco completo de las perspectivas y de los objetivos habituales, en lo que se refiere a los intercambios internacionales en el marco de un sistema multilateral, desde finales del siglo xix.<\/p>","protected":false},"excerpt":{"rendered":"<p>La depresi\u00f3n de los a\u00f1os treinta se da por el peso de la econom\u00eda americana en el mundo. La producci\u00f3n &#8230;<\/p>","protected":false},"author":3,"featured_media":1014,"comment_status":"closed","ping_status":"closed","sticky":false,"template":"","format":"standard","meta":{"footnotes":""},"categories":[1266],"tags":[1312,1311,1313],"class_list":["post-1013","post","type-post","status-publish","format-standard","has-post-thumbnail","hentry","category-historia-economica","tag-depresion","tag-economia-americana","tag-hundimiento"],"_links":{"self":[{"href":"https:\/\/observadoreconomico.com\/en\/wp-json\/wp\/v2\/posts\/1013","targetHints":{"allow":["GET"]}}],"collection":[{"href":"https:\/\/observadoreconomico.com\/en\/wp-json\/wp\/v2\/posts"}],"about":[{"href":"https:\/\/observadoreconomico.com\/en\/wp-json\/wp\/v2\/types\/post"}],"author":[{"embeddable":true,"href":"https:\/\/observadoreconomico.com\/en\/wp-json\/wp\/v2\/users\/3"}],"replies":[{"embeddable":true,"href":"https:\/\/observadoreconomico.com\/en\/wp-json\/wp\/v2\/comments?post=1013"}],"version-history":[{"count":1,"href":"https:\/\/observadoreconomico.com\/en\/wp-json\/wp\/v2\/posts\/1013\/revisions"}],"predecessor-version":[{"id":1015,"href":"https:\/\/observadoreconomico.com\/en\/wp-json\/wp\/v2\/posts\/1013\/revisions\/1015"}],"wp:featuredmedia":[{"embeddable":true,"href":"https:\/\/observadoreconomico.com\/en\/wp-json\/wp\/v2\/media\/1014"}],"wp:attachment":[{"href":"https:\/\/observadoreconomico.com\/en\/wp-json\/wp\/v2\/media?parent=1013"}],"wp:term":[{"taxonomy":"category","embeddable":true,"href":"https:\/\/observadoreconomico.com\/en\/wp-json\/wp\/v2\/categories?post=1013"},{"taxonomy":"post_tag","embeddable":true,"href":"https:\/\/observadoreconomico.com\/en\/wp-json\/wp\/v2\/tags?post=1013"}],"curies":[{"name":"wp","href":"https:\/\/api.w.org\/{rel}","templated":true}]}}