{"id":129,"date":"2024-10-16T19:10:47","date_gmt":"2024-10-16T19:10:47","guid":{"rendered":"https:\/\/observadoreconomico.com\/?p=129"},"modified":"2025-02-13T17:07:52","modified_gmt":"2025-02-13T17:07:52","slug":"los-efectos-de-la-desglobalizacion-en-el-crecimiento-economico-mundial","status":"publish","type":"post","link":"https:\/\/observadoreconomico.com\/en\/economia-global-y-geopolitica\/los-efectos-de-la-desglobalizacion-en-el-crecimiento-economico-mundial\/","title":{"rendered":"Los efectos de la desglobalizaci\u00f3n en el crecimiento econ\u00f3mico mundial"},"content":{"rendered":"<p>Los \u00faltimos a\u00f1os, el mundo atraves\u00f3 un gran cambio dado por la integraci\u00f3n econ\u00f3mica, comercial y cultural entre los pa\u00edses. Este proceso es llamado<strong> globalizaci\u00f3n<\/strong>, lo que facilit\u00f3 una conexi\u00f3n entre los gobiernos y territorios, y que permiti\u00f3 dar un gran salto al comercio internacional. No obstante, pese a la<strong> gran evoluci\u00f3n<\/strong> que se obtuvo a partir de ello, en contrapuesto, en el \u00faltimo tiempo, especialistas econ\u00f3micos expusieron sobre la presencia de la <strong>desglobalizaci\u00f3n.&nbsp;<\/strong><\/p>\n\n\n\n<p>Este concepto se relaciona puntualmente con la econom\u00eda, en la que se indica que se habla de la b\u00fasqueda de comercios cerrados, en b\u00fasqueda de un <strong>proteccionismo nacional.<\/strong> El economista filipino Walden Bello, fue uno de los especialistas que populariz\u00f3 este t\u00e9rmino a partir de los a\u00f1os 2000, para explicar el proceso en el que los pa\u00edses buscar minimizar la dependencia comercial global, si no fomentar el nacional.&nbsp;<\/p>\n\n\n\n<p>La b\u00fasqueda de un<strong> desarrollo<\/strong> sin cruzar las fronteras encierra a la <strong>desglobalizaci\u00f3n<\/strong>, con la intenci\u00f3n de dejar por fuera a las grandes instituciones globales como entes reguladores de la econom\u00eda. No obstante, el objetivo no es que un pa\u00eds tenga un aislamiento completo, sino que sea capaz de tener una forma de proteger las econom\u00edas locales ante crisis generadas por la interdependencia global.<\/p>\n\n\n\n<h3 class=\"wp-block-heading\"><strong>C\u00f3mo la desglobalizaci\u00f3n se desarroll\u00f3 ante diversos factores<\/strong><\/h3>\n\n\n\n<p>En la historia de la econom\u00eda se han vivido<strong> diversas crisis financieras<\/strong>, pero las embarcadas en la globalizaci\u00f3n dejaron en evidencia las debilidades del sistema. Por ejemplo, las tensiones geopol\u00edticas que demuestran que como consecuencia se puede atravesar escasez de suministros, por ejemplo, Por estos motivos, algunos pa\u00edses comenzaron a cuestionar este tipo de comercializaci\u00f3n, que m\u00e1s tarde se tradujo en un cambio en el manejo en este aspecto.&nbsp;<\/p>\n\n\n\n<p>En este contexto, se pueden identificar distintos factores que impulsaron la<strong> desglobalizaci\u00f3n.<\/strong> A la b\u00fasqueda del proteccionismo econ\u00f3mico nacional con el que se ven priorizando sus propias econom\u00edas. Se comienzan a buscar <strong>acuerdos comerciales <\/strong>que consideran que le son favorables, se le puede sumar el gran crecimiento de los avances tecnol\u00f3gicos que permiti\u00f3 una apertura del mercado con una fabricaci\u00f3n local, poniendo en segundo lugar la necesidad de acceder a otros pa\u00edses para suplir necesidades. De aqu\u00ed, los primeros pasos de la autosuficiencia.<\/p>\n\n\n\n<figure class=\"wp-block-image size-large\"><img loading=\"lazy\" decoding=\"async\" width=\"1024\" height=\"701\" src=\"https:\/\/observadoreconomico.com\/wp-content\/uploads\/2024\/10\/business-people-shaking-hands-together-1024x701.jpg\" alt=\"\" class=\"wp-image-130\" srcset=\"https:\/\/observadoreconomico.com\/wp-content\/uploads\/2024\/10\/business-people-shaking-hands-together-1024x701.jpg 1024w, https:\/\/observadoreconomico.com\/wp-content\/uploads\/2024\/10\/business-people-shaking-hands-together-300x205.jpg 300w, https:\/\/observadoreconomico.com\/wp-content\/uploads\/2024\/10\/business-people-shaking-hands-together-768x526.jpg 768w, https:\/\/observadoreconomico.com\/wp-content\/uploads\/2024\/10\/business-people-shaking-hands-together.jpg 1500w\" sizes=\"auto, (max-width: 1024px) 100vw, 1024px\" \/><\/figure>\n\n\n\n<p>En esta l\u00ednea, no se puede dejar por fuera los conflictos pol\u00edticos entre distintos pa\u00edses, lo que da paso a una \u201cguerra comercial\u201d, que impacta directamente a<strong> distintos pactos<\/strong> en el mercado con un aumento de precios, escasez de bienes o productos, lo que afecta directamente a la estabilidad econ\u00f3mica a territorios terceros al conflicto. De all\u00ed, la b\u00fasqueda de una opci\u00f3n para interrumpir aquella dependencia creada.&nbsp;<\/p>\n\n\n\n<h3 class=\"wp-block-heading\"><strong>El impacto de la desglobalizaci\u00f3n en la econom\u00eda mundial<\/strong><\/h3>\n\n\n\n<p>Como la apertura de los <strong>mercados internacionales<\/strong> dio un paso importante en la econom\u00eda, la desglobalizaci\u00f3n tambi\u00e9n lo hizo, partiendo de la base que naci\u00f3 en relaci\u00f3n con la necesidad de las econom\u00edas nacionales a buscar un resguardo. Y, por supuesto, que gener\u00f3 un nuevo giro.&nbsp;<\/p>\n\n\n\n<p>En forma directa, puede <strong>identificar una reducci\u00f3n del comercio internacional<\/strong>. Pero tambi\u00e9n esto gener\u00f3 un impulso de innovaci\u00f3n y productividad, al acceder a informaci\u00f3n de c\u00f3mo desarrollarse y haber ganado experiencia en el mercado.&nbsp;<\/p>\n\n\n\n<p>En cuanto a la producci\u00f3n, se ha destacado un aumento en los costos, debido a que las empresas buscan<strong> alternativas para obtener materias primas y componentes,<\/strong> en medio de un \u201cderrumbe\u201d comercial. En general, tiene un precio m\u00e1s alto, lo que se traduce a costos de producci\u00f3n, lo que se ve reflejado en el precio final de los productos.&nbsp;<\/p>\n\n\n\n<p>En esta l\u00ednea, si bien hay sectores que se <strong>benefician ante el proteccionismo <\/strong>del comercio nacional, aquellos que dependen de las exportaciones son los que terminan por tener grandes p\u00e9rdidas, lo que se traduce a una desigualdad econ\u00f3mica en la que se esta frente a costos m\u00e1s altos y menor variedad de productos.&nbsp;<\/p>\n\n\n\n<p>Ante este panorama, con el avance de la <strong>desglobalizaci\u00f3n<\/strong> no se indica que la globalizaci\u00f3n desaparecer\u00e1 por completo, sino que se podr\u00e1 estar frente a un nuevo proceso en el que ciertas econom\u00edas pueden encontrar el solvento propio y se lleve a realizar acciones comerciales con territorios cercanos. Lo fundamental es el poder de adaptaci\u00f3n de los comercios, para hallar un equilibrio, para no impulsar un aislamiento econ\u00f3mico.&nbsp;<\/p>","protected":false},"excerpt":{"rendered":"<p>Los \u00faltimos a\u00f1os, el mundo atraves\u00f3 un gran cambio dado por la integraci\u00f3n econ\u00f3mica, comercial y cultural entre los pa\u00edses. &#8230;<\/p>","protected":false},"author":3,"featured_media":131,"comment_status":"closed","ping_status":"closed","sticky":false,"template":"","format":"standard","meta":{"footnotes":""},"categories":[391],"tags":[41,44,43,40,39,38,42,25,45],"class_list":["post-129","post","type-post","status-publish","format-standard","has-post-thumbnail","hentry","category-economia-global-y-geopolitica","tag-acuerdos-comerciales","tag-comercio-internacional","tag-costos","tag-crecimeinto-economico","tag-desarrillo","tag-desglobalizacion","tag-economia-mundias","tag-economias-globales","tag-reduccion"],"_links":{"self":[{"href":"https:\/\/observadoreconomico.com\/en\/wp-json\/wp\/v2\/posts\/129","targetHints":{"allow":["GET"]}}],"collection":[{"href":"https:\/\/observadoreconomico.com\/en\/wp-json\/wp\/v2\/posts"}],"about":[{"href":"https:\/\/observadoreconomico.com\/en\/wp-json\/wp\/v2\/types\/post"}],"author":[{"embeddable":true,"href":"https:\/\/observadoreconomico.com\/en\/wp-json\/wp\/v2\/users\/3"}],"replies":[{"embeddable":true,"href":"https:\/\/observadoreconomico.com\/en\/wp-json\/wp\/v2\/comments?post=129"}],"version-history":[{"count":1,"href":"https:\/\/observadoreconomico.com\/en\/wp-json\/wp\/v2\/posts\/129\/revisions"}],"predecessor-version":[{"id":132,"href":"https:\/\/observadoreconomico.com\/en\/wp-json\/wp\/v2\/posts\/129\/revisions\/132"}],"wp:featuredmedia":[{"embeddable":true,"href":"https:\/\/observadoreconomico.com\/en\/wp-json\/wp\/v2\/media\/131"}],"wp:attachment":[{"href":"https:\/\/observadoreconomico.com\/en\/wp-json\/wp\/v2\/media?parent=129"}],"wp:term":[{"taxonomy":"category","embeddable":true,"href":"https:\/\/observadoreconomico.com\/en\/wp-json\/wp\/v2\/categories?post=129"},{"taxonomy":"post_tag","embeddable":true,"href":"https:\/\/observadoreconomico.com\/en\/wp-json\/wp\/v2\/tags?post=129"}],"curies":[{"name":"wp","href":"https:\/\/api.w.org\/{rel}","templated":true}]}}