{"id":181,"date":"2024-11-04T18:34:09","date_gmt":"2024-11-04T18:34:09","guid":{"rendered":"https:\/\/observadoreconomico.com\/?p=181"},"modified":"2025-02-13T17:04:19","modified_gmt":"2025-02-13T17:04:19","slug":"la-evolucion-del-comercio-internacional-y-sus-implicaciones-para-las-economias-locales","status":"publish","type":"post","link":"https:\/\/observadoreconomico.com\/en\/economia-global-y-geopolitica\/la-evolucion-del-comercio-internacional-y-sus-implicaciones-para-las-economias-locales\/","title":{"rendered":"La evoluci\u00f3n del comercio internacional y sus implicaciones para las econom\u00edas locales"},"content":{"rendered":"<h3 class=\"wp-block-heading\">El crecimiento econ\u00f3mico global se desarrolla con la participaci\u00f3n de los pa\u00edses en la comercializaci\u00f3n; sin embargo, algunas econom\u00edas tienen una mirada distinta y act\u00faan con base en ello.<\/h3>\n\n\n\n<figure class=\"wp-block-image size-large\"><img loading=\"lazy\" decoding=\"async\" width=\"1024\" height=\"683\" src=\"https:\/\/observadoreconomico.com\/wp-content\/uploads\/2024\/11\/still-life-supply-chain-representation-1024x683.jpg\" alt=\"\" class=\"wp-image-183\" srcset=\"https:\/\/observadoreconomico.com\/wp-content\/uploads\/2024\/11\/still-life-supply-chain-representation-1024x683.jpg 1024w, https:\/\/observadoreconomico.com\/wp-content\/uploads\/2024\/11\/still-life-supply-chain-representation-300x200.jpg 300w, https:\/\/observadoreconomico.com\/wp-content\/uploads\/2024\/11\/still-life-supply-chain-representation-768x513.jpg 768w, https:\/\/observadoreconomico.com\/wp-content\/uploads\/2024\/11\/still-life-supply-chain-representation.jpg 1500w\" sizes=\"auto, (max-width: 1024px) 100vw, 1024px\" \/><\/figure>\n\n\n\n<p>Hist\u00f3ricamente, desarrollar <strong>comercio internacional <\/strong>es clave para incrementar el<strong> crecimiento econ\u00f3mico global,<\/strong> desde la revoluci\u00f3n industrial en adelante. No obstante, la econom\u00eda de los pa\u00edses han atravesado cambios significativos , que tienen implicaciones en este sentido, con una clara necesidad de transformaci\u00f3n.&nbsp;<\/p>\n\n\n\n<p>Los avances tecnol\u00f3gicos, la <strong>liberalizaci\u00f3n del comercio, la integraci\u00f3n de mercados y la creaci\u00f3n de acuerdos<\/strong> comerciales multilaterales, dieron paso a un cambio en los negocios implementados con la globalizaci\u00f3n. Por ello, el periodo de adaptaci\u00f3n ha comenzado como se ha desarrollado a lo largo de la historia.&nbsp;<\/p>\n\n\n\n<h3 class=\"wp-block-heading\"><strong>Del mercantilismo al libre comercio, la evoluci\u00f3n de un negocio global<\/strong><\/h3>\n\n\n\n<p>El <strong>comercio internaciona<\/strong>l tiene como base permitir a los pa\u00edses realizar<strong> exportaciones e importaciones<\/strong> de diversos productos. Pero este tipo de comercializaci\u00f3n, que tiene una amplia mirada positiva, muestra tambi\u00e9n una faceta de desaf\u00edos para&nbsp; las econom\u00edas locales, que se exponen a una baja de ventas.&nbsp;<\/p>\n\n\n\n<p>Desde el <strong>mercantilismo<\/strong> de los siglos XVI al XVIII, en el que el objetivo era acumular riquezas con la exportaci\u00f3n de productos hasta la <strong>era moderna del libre comercio<\/strong>, el comercio internacional atraves\u00f3 facetas distintas, con diversos objetivos, pero pensados con potestad de las regiones. Con la inserci\u00f3n de la tecnolog\u00eda en el comercio aument\u00f3 la b\u00fasqueda de la independencia econ\u00f3mica entre los pa\u00edses.&nbsp;<\/p>\n\n\n\n<p>En este sentido, permiti\u00f3 que muchas econom\u00edas se especializan en la <strong>producci\u00f3n de bienes y servicios<\/strong>, impulsando el crecimiento econ\u00f3mico y la eficiencia, como as\u00ed tambi\u00e9n la expansi\u00f3n de empresas y la creaci\u00f3n de puestos laborales. No obstante, este avance no fue igual para todos los pa\u00edses, algunos tuvieron ca\u00eddas en producciones por la competencia y las desigualdades regionales.&nbsp;<\/p>\n\n\n\n<h3 class=\"wp-block-heading\"><strong>Impactos en las econom\u00edas locales<\/strong><\/h3>\n\n\n\n<p>La participaci\u00f3n de un pa\u00eds en el comercio internacional puede significar que las <strong>econom\u00edas locales <\/strong>atraviesen un crecimiento y desarrollo, sin dejar atr\u00e1s diversos desaf\u00edos para que esto ocurra.&nbsp;<\/p>\n\n\n\n<p>Para cumplir con estos objetivos, las econom\u00edas locales atraviesan diversos cambios en sus funcionamientos, como es realizar una especializaci\u00f3n en producci\u00f3n de sectores espec\u00edficos&nbsp; para afianzarse en un mercado con demanda. Muchas religiones lograron impulsar sus negocios. Pero tambi\u00e9n, esto puede crear una dependencia de exportaciones, por ejemplo, de materias primas, qu\u00e9 combinado con la inestabilidad econ\u00f3mica mundial puede afectar al comercio.&nbsp;<\/p>\n\n\n\n<figure class=\"wp-block-image size-large\"><img loading=\"lazy\" decoding=\"async\" width=\"1024\" height=\"748\" src=\"https:\/\/observadoreconomico.com\/wp-content\/uploads\/2024\/11\/60309-1024x748.jpg\" alt=\"\" class=\"wp-image-182\" srcset=\"https:\/\/observadoreconomico.com\/wp-content\/uploads\/2024\/11\/60309-1024x748.jpg 1024w, https:\/\/observadoreconomico.com\/wp-content\/uploads\/2024\/11\/60309-300x219.jpg 300w, https:\/\/observadoreconomico.com\/wp-content\/uploads\/2024\/11\/60309-768x561.jpg 768w, https:\/\/observadoreconomico.com\/wp-content\/uploads\/2024\/11\/60309.jpg 1500w\" sizes=\"auto, (max-width: 1024px) 100vw, 1024px\" \/><\/figure>\n\n\n\n<p>En esta l\u00ednea, la <strong>competitividad<\/strong> entre los pa\u00edses creci\u00f3 notablemente, sobre todo con la inserci\u00f3n de nuevas tecnolog\u00edas y la transferencia de conocimientos. Esto se convirti\u00f3 en un desaf\u00edo, especialmente para peque\u00f1as y medianas empresas, que enfrentan dificultades para competir con las internacionales.&nbsp;<\/p>\n\n\n\n<p>Se indica que en este sentido se agudiza la <strong>desigualdad econ\u00f3mica, <\/strong>entre los pa\u00edses. Pero tambi\u00e9n entre las regiones dentro de un territorio, cuesti\u00f3n que se considera un tanto negativa para un pa\u00eds, por zonas que quedan rezagadas y pueden generar tensiones sociales y pol\u00edticas.&nbsp;<\/p>\n\n\n\n<p>En tanto, el<strong> comercio internacional<\/strong> contin\u00faa siendo una clave para el desarrollo global y un desaf\u00edo para las econom\u00edas locales, para adaptarse a las nuevas realidades y contextos. En este sentido, las decisiones gubernamentales ser\u00e1n claves para equiparar las econom\u00edas locales.&nbsp;<\/p>","protected":false},"excerpt":{"rendered":"<p>El crecimiento econ\u00f3mico global se desarrolla con la participaci\u00f3n de los pa\u00edses en la comercializaci\u00f3n; sin embargo, algunas econom\u00edas tienen &#8230;<\/p>","protected":false},"author":3,"featured_media":183,"comment_status":"closed","ping_status":"closed","sticky":false,"template":"","format":"standard","meta":{"footnotes":""},"categories":[391],"tags":[96,40,25,98,13,29,100,28,99,97],"class_list":["post-181","post","type-post","status-publish","format-standard","has-post-thumbnail","hentry","category-economia-global-y-geopolitica","tag-comercializacion","tag-crecimeinto-economico","tag-economias-globales","tag-economias-locales","tag-finanzas","tag-globalizacion","tag-integracion-de-mercados","tag-inversion","tag-liberalizacion-del-comercio","tag-mirada-distinta"],"_links":{"self":[{"href":"https:\/\/observadoreconomico.com\/en\/wp-json\/wp\/v2\/posts\/181","targetHints":{"allow":["GET"]}}],"collection":[{"href":"https:\/\/observadoreconomico.com\/en\/wp-json\/wp\/v2\/posts"}],"about":[{"href":"https:\/\/observadoreconomico.com\/en\/wp-json\/wp\/v2\/types\/post"}],"author":[{"embeddable":true,"href":"https:\/\/observadoreconomico.com\/en\/wp-json\/wp\/v2\/users\/3"}],"replies":[{"embeddable":true,"href":"https:\/\/observadoreconomico.com\/en\/wp-json\/wp\/v2\/comments?post=181"}],"version-history":[{"count":1,"href":"https:\/\/observadoreconomico.com\/en\/wp-json\/wp\/v2\/posts\/181\/revisions"}],"predecessor-version":[{"id":184,"href":"https:\/\/observadoreconomico.com\/en\/wp-json\/wp\/v2\/posts\/181\/revisions\/184"}],"wp:featuredmedia":[{"embeddable":true,"href":"https:\/\/observadoreconomico.com\/en\/wp-json\/wp\/v2\/media\/183"}],"wp:attachment":[{"href":"https:\/\/observadoreconomico.com\/en\/wp-json\/wp\/v2\/media?parent=181"}],"wp:term":[{"taxonomy":"category","embeddable":true,"href":"https:\/\/observadoreconomico.com\/en\/wp-json\/wp\/v2\/categories?post=181"},{"taxonomy":"post_tag","embeddable":true,"href":"https:\/\/observadoreconomico.com\/en\/wp-json\/wp\/v2\/tags?post=181"}],"curies":[{"name":"wp","href":"https:\/\/api.w.org\/{rel}","templated":true}]}}