{"id":200,"date":"2024-11-13T10:52:53","date_gmt":"2024-11-13T10:52:53","guid":{"rendered":"https:\/\/observadoreconomico.com\/?p=200"},"modified":"2025-02-13T17:01:58","modified_gmt":"2025-02-13T17:01:58","slug":"el-impacto-de-las-restricciones-de-comercio-global-en-las-economias-locales","status":"publish","type":"post","link":"https:\/\/observadoreconomico.com\/en\/economia-global-y-geopolitica\/el-impacto-de-las-restricciones-de-comercio-global-en-las-economias-locales\/","title":{"rendered":"El impacto de las restricciones de comercio global en las econom\u00edas locales"},"content":{"rendered":"<h2 class=\"wp-block-heading\">La barrera en el comercio internacional tiene un efecto global en relaci\u00f3n con las econom\u00edas; un periodo de adaptaci\u00f3n y tomas de medidas en de necesidad inmediata\u00a0<\/h2>\n\n\n\n<figure class=\"wp-block-image size-large\"><img loading=\"lazy\" decoding=\"async\" width=\"1024\" height=\"768\" src=\"https:\/\/observadoreconomico.com\/wp-content\/uploads\/2024\/11\/sperrgebiet-1024x768.jpg\" alt=\"\" class=\"wp-image-202\" srcset=\"https:\/\/observadoreconomico.com\/wp-content\/uploads\/2024\/11\/sperrgebiet-1024x768.jpg 1024w, https:\/\/observadoreconomico.com\/wp-content\/uploads\/2024\/11\/sperrgebiet-300x225.jpg 300w, https:\/\/observadoreconomico.com\/wp-content\/uploads\/2024\/11\/sperrgebiet-768x576.jpg 768w, https:\/\/observadoreconomico.com\/wp-content\/uploads\/2024\/11\/sperrgebiet-1536x1152.jpg 1536w, https:\/\/observadoreconomico.com\/wp-content\/uploads\/2024\/11\/sperrgebiet-2048x1536.jpg 2048w\" sizes=\"auto, (max-width: 1024px) 100vw, 1024px\" \/><\/figure>\n\n\n\n<p>Las tensiones comerciales entre pa\u00edses, como <strong>Estados Unidos y China<\/strong> por ejemplo, combinado con las nuevas pol\u00edticas proteccionistas, generaron un complicado escenario para el libre comercio. <strong>Nuevas restricciones<\/strong> relacionadas con aranceles y controles de exportaci\u00f3n, como as\u00ed tambi\u00e9n sanitarias, comenzaron a limitar el acceso de productos extranjeros.&nbsp;<\/p>\n\n\n\n<p>Las medidas afectan a las<strong> econom\u00edas globales<\/strong>, tanto a las peque\u00f1as como grandes empresas que tienen relaciones comerciales con el comercio internacional. El impacto comenz\u00f3 a visualizarse en todo el mundo.&nbsp;<\/p>\n\n\n\n<h3 class=\"wp-block-heading\"><strong>Un panorama complejo con impacto global&nbsp;<\/strong><\/h3>\n\n\n\n<p>En el comercio internacional hay una gran <strong>sensaci\u00f3n de incertidumbre<\/strong>, tras la b\u00fasqueda de una \u201cproteccionismo\u201d de econom\u00edas avanzadas, debido a los nuevos controles que comenzaron a ejecutar ante un panorama de enfrentamiento comercial entre potencias. Los pa\u00edses menos desarrollados se ven cada vez m\u00e1s expuestos a desventajas.&nbsp;<\/p>\n\n\n\n<p>Suma de aranceles, cuotas, precios de referencia,<strong> licencias de importaci\u00f3n, permisos y certificados<\/strong> sanitarios, regulaciones sobre etiquetado de productos y&nbsp; regulaciones sobre est\u00e1ndares t\u00e9cnicos de productos son algunas de las medidas tomadas en los \u00faltimos a\u00f1os.&nbsp;<\/p>\n\n\n\n<p>Las <strong>restricciones vigente<\/strong>s tienen como resultado un aumento en los costos de los productos y servicios de las empresas, para ejecutar sus trabajos. Esto afecta la <strong>competitividad<\/strong> de las empresas locales en el mercado internacional, ya que la imposici\u00f3n de regulaciones arancelarias a productos exportados impacta en los precios en el extranjero.&nbsp;<\/p>\n\n\n\n<figure class=\"wp-block-image\"><img decoding=\"async\" src=\"https:\/\/lh7-rt.googleusercontent.com\/docsz\/AD_4nXc462BGVFMDBTlC-CjbFN4q0CEXSQwL4MkkI95Selgb5lPodGLonfZEw_X4pLX185q6Gb4AwiNR28_njHBuCVIIlVe_JdNiqsJTY8ONjRLlmK8U_ClAOMF_fFBSOI8qGaUrONDtTg?key=JpohpAv3Jw0aSq_wu05JkEn5\" alt=\"\"\/><\/figure>\n\n\n\n<p>En la misma l\u00ednea, se presenta un encarecimiento de<strong> bienes importados <\/strong>&nbsp;que disminuye el poder adquisitivo de los consumidores y esto afecta al consumo, lo que encarece el crecimiento econ\u00f3mico. Pero tambi\u00e9n, al trabajo, puntualmente en industrias que necesitan de las exportaciones, lo que puede reducir la producci\u00f3n. Esto se traduce en la necesidad de una reestructuraci\u00f3n.&nbsp;<\/p>\n\n\n\n<p>La capacidad de<strong> resiliencia y adaptaci\u00f3n <\/strong>es fundamental para determinar cambios, como en los costos. Tambi\u00e9n, esta cuesti\u00f3n afecta directamente a la distribuci\u00f3n de la riqueza en la sociedad, siendo los sectores m\u00e1s bajos quienes se ven afectados por una falta de bienes importados, como alimentos, lo que genera un gran impacto al no acceder a productos de primera necesidad.&nbsp;<\/p>\n\n\n\n<p>En este sentido, las <strong>pol\u00edticas econ\u00f3micas<\/strong> son necesarias en las econom\u00edas locales para minimizar los efectos econ\u00f3micos. Fomentar la producci\u00f3n local es una medida a tomar, por ejemplo, como as\u00ed tambi\u00e9n crear acuerdos comerciales regionales.&nbsp;<\/p>\n\n\n\n<p>&nbsp;Las estrategias de adaptaci\u00f3n, es un punto crucial paras las econom\u00edas, pero lo cierto es que los efectos llevan tiempo, planificaci\u00f3n y recursos, cuestiones que no coinciden con las necesidades inmediatas a cubrir. Por ello, los pa\u00edses deben buscar un equilibrio con una protecci\u00f3n de la econom\u00eda ante el comercio global.<\/p>","protected":false},"excerpt":{"rendered":"<p>La barrera en el comercio internacional tiene un efecto global en relaci\u00f3n con las econom\u00edas; un periodo de adaptaci\u00f3n y &#8230;<\/p>","protected":false},"author":3,"featured_media":201,"comment_status":"closed","ping_status":"closed","sticky":false,"template":"","format":"standard","meta":{"footnotes":""},"categories":[391],"tags":[124,126,44,25,98,123,125,29,127,129,128],"class_list":["post-200","post","type-post","status-publish","format-standard","has-post-thumbnail","hentry","category-economia-global-y-geopolitica","tag-barrera-en-el-comercio","tag-china","tag-comercio-internacional","tag-economias-globales","tag-economias-locales","tag-efecto-global","tag-estados-unidos","tag-globalizacion","tag-libre-comercio","tag-politicas-economicas","tag-tensiones-comerciales"],"_links":{"self":[{"href":"https:\/\/observadoreconomico.com\/en\/wp-json\/wp\/v2\/posts\/200","targetHints":{"allow":["GET"]}}],"collection":[{"href":"https:\/\/observadoreconomico.com\/en\/wp-json\/wp\/v2\/posts"}],"about":[{"href":"https:\/\/observadoreconomico.com\/en\/wp-json\/wp\/v2\/types\/post"}],"author":[{"embeddable":true,"href":"https:\/\/observadoreconomico.com\/en\/wp-json\/wp\/v2\/users\/3"}],"replies":[{"embeddable":true,"href":"https:\/\/observadoreconomico.com\/en\/wp-json\/wp\/v2\/comments?post=200"}],"version-history":[{"count":1,"href":"https:\/\/observadoreconomico.com\/en\/wp-json\/wp\/v2\/posts\/200\/revisions"}],"predecessor-version":[{"id":203,"href":"https:\/\/observadoreconomico.com\/en\/wp-json\/wp\/v2\/posts\/200\/revisions\/203"}],"wp:featuredmedia":[{"embeddable":true,"href":"https:\/\/observadoreconomico.com\/en\/wp-json\/wp\/v2\/media\/201"}],"wp:attachment":[{"href":"https:\/\/observadoreconomico.com\/en\/wp-json\/wp\/v2\/media?parent=200"}],"wp:term":[{"taxonomy":"category","embeddable":true,"href":"https:\/\/observadoreconomico.com\/en\/wp-json\/wp\/v2\/categories?post=200"},{"taxonomy":"post_tag","embeddable":true,"href":"https:\/\/observadoreconomico.com\/en\/wp-json\/wp\/v2\/tags?post=200"}],"curies":[{"name":"wp","href":"https:\/\/api.w.org\/{rel}","templated":true}]}}