{"id":205,"date":"2024-11-15T12:40:19","date_gmt":"2024-11-15T12:40:19","guid":{"rendered":"https:\/\/observadoreconomico.com\/?p=205"},"modified":"2025-02-13T17:01:41","modified_gmt":"2025-02-13T17:01:41","slug":"factores-que-podrian-afectar-el-crecimiento-en-mercados-fronterizos-en-2025","status":"publish","type":"post","link":"https:\/\/observadoreconomico.com\/en\/economia-global-y-geopolitica\/factores-que-podrian-afectar-el-crecimiento-en-mercados-fronterizos-en-2025\/","title":{"rendered":"Factores que podr\u00edan afectar el crecimiento en mercados fronterizos en 2025"},"content":{"rendered":"<h2 class=\"wp-block-heading\">Los factores externos afectar\u00e1n directamente a este tipo de mercados. Un seguimiento de los escenarios que se desarrollar\u00e1n.\u00a0<\/h2>\n\n\n\n<figure class=\"wp-block-image size-large\"><img loading=\"lazy\" decoding=\"async\" width=\"1024\" height=\"574\" src=\"https:\/\/observadoreconomico.com\/wp-content\/uploads\/2024\/11\/lonely-shopping-cart-sits-abandoned-field-sky-is-cloudy-ground-is-covered-weeds-1024x574.jpg\" alt=\"\" class=\"wp-image-207\" srcset=\"https:\/\/observadoreconomico.com\/wp-content\/uploads\/2024\/11\/lonely-shopping-cart-sits-abandoned-field-sky-is-cloudy-ground-is-covered-weeds-1024x574.jpg 1024w, https:\/\/observadoreconomico.com\/wp-content\/uploads\/2024\/11\/lonely-shopping-cart-sits-abandoned-field-sky-is-cloudy-ground-is-covered-weeds-300x168.jpg 300w, https:\/\/observadoreconomico.com\/wp-content\/uploads\/2024\/11\/lonely-shopping-cart-sits-abandoned-field-sky-is-cloudy-ground-is-covered-weeds-768x431.jpg 768w, https:\/\/observadoreconomico.com\/wp-content\/uploads\/2024\/11\/lonely-shopping-cart-sits-abandoned-field-sky-is-cloudy-ground-is-covered-weeds.jpg 1500w\" sizes=\"auto, (max-width: 1024px) 100vw, 1024px\" \/><\/figure>\n\n\n\n<p>Los <strong>mercados fronterizos <\/strong>son aquellos considerados m\u00e1s grandes que los emergentes y m\u00e1s peque\u00f1os que los denominados desarrollados. Generalmente, se encuentran en las etapas iniciales de crecimiento financiero, con una gran protecci\u00f3n global. No obstante, el comienzo del 2025 puede generar ciertas complicaciones.<\/p>\n\n\n\n<p>A poco de terminar el 2024, el pr\u00f3ximo a\u00f1o podr\u00eda traer consigo nuevos desaf\u00edos que podr\u00eda afectar el <strong>crecimiento y estabilidad <\/strong>en el corto y mediano plazo para las econom\u00edas de los mercados fronterizos, atravesados por las econom\u00edas globales, la estabilidad pol\u00edtica interna, el acceso a <strong>financiamiento y las preocupaciones clim\u00e1ticas.&nbsp;<\/strong><\/p>\n\n\n\n<h3 class=\"wp-block-heading\"><strong>El contexto global como la barrera del crecimiento&nbsp;<\/strong><\/h3>\n\n\n\n<p>En las<strong> econom\u00edas<\/strong> de los pa\u00edses, el contexto de las finanzas mundiales tiene una gran relevancia. Pero, puntualmente, en los mercados fronterizos en 2025 ser\u00e1 de gran relevancia la demanda de <strong>bienes y servicios<\/strong> provenientes de pa\u00edses desarrollados. Estos se enfrentan tambi\u00e9n a desaf\u00edos, que act\u00faan como obst\u00e1culos en la demanda de exportaciones.&nbsp;<\/p>\n\n\n\n<p>Teniendo en cuenta que los<strong> mercados fronterizos<\/strong> dependen en su mayor\u00eda de la demanda de las exportaciones de materias primas y productos manufacturados, es un gran problema para ellos. Por ello, la <strong>desaceleraci\u00f3n global <\/strong>pueden ser una barrera para el crecimiento.&nbsp;<\/p>\n\n\n\n<figure class=\"wp-block-image\"><img decoding=\"async\" src=\"https:\/\/lh7-rt.googleusercontent.com\/docsz\/AD_4nXcWkJZn67FRE84_5X0AgTRpCeu5-bRMB4ZAAG9LwjdIjtk4kG1JLye3GNnv61xkpWOqb9oGUqVvXkjZm6hOLo-z9CEC6vG6LbPnw3l6rocqg9DFSIYKsONEsjIfVEVuEN5aiRbBuQ?key=XcKYr3g1C6M5W4NlPGxWZ_4S\" alt=\"\"\/><\/figure>\n\n\n\n<p>Otro de los factores que ser\u00e1 influyente es el manejo de las pol\u00edticas monetarias por parte de los bancos centrales en econom\u00edas desarrolladas, especialmente en Estados Unidos y la Uni\u00f3n Europea. Ambos atravesaron tasas de inter\u00e9s bajas, por lo que podr\u00edan endurecer sus medidas para <strong>controlar la inflaci\u00f3n.&nbsp;<\/strong><\/p>\n\n\n\n<p>En esta l\u00ednea, si las tasas de intereses que apliquen son altas podr\u00edan derivar a que desciendan las inversiones extranjeras directas en los mercados fronterizos. Esta<strong> reducci\u00f3n de liquidez<\/strong> podr\u00eda limitar la capacidad que tengan para&nbsp; financiar proyectos de infraestructura y desarrollo, lo que requieren para sostener un crecimiento econ\u00f3mico sostenido.<\/p>\n\n\n\n<p>Un factor que tambi\u00e9n afectar\u00e1 en el 2025 en este tipo de econom\u00edas son la ausencia de pol\u00edticas consistentes y sostenidas respecto a los cambios de gobiernos que se efectivizaron en los pr\u00f3ximos meses. Esto trae incertidumbres pol\u00edticas, lo que podr\u00e1 afectar a las<strong> inversiones.&nbsp;<\/strong><\/p>\n\n\n\n<p>Tambi\u00e9n, la llamada <strong>crisis clim\u00e1tica <\/strong>que se desarrolla es otra de las amenazas para estos mercados, siendo que se desarrollan en regiones, que afectan a los negocios que realizan, como es el turismo y agricultura, entre otros.&nbsp;<\/p>\n\n\n\n<p>Por lo que es urgente que se adapten a las<strong> pol\u00edticas ambientales <\/strong>y que desarrollen infraestructuras resilientes y tecnolog\u00edas verdes, pero para ello se necesita el financiamiento que no tiene, lo que plantea el gran problema.&nbsp;&nbsp;Por ello, este 2025 los mercados fronterizos enfrentan una combinaci\u00f3n de factores internos y externos que afectar\u00e1n a su <strong>crecimiento econ\u00f3mico<\/strong>. La capacidad para adaptarse a estos desaf\u00edos ser\u00e1 fundamental para asegurar su atractivo ante los inversores internacionales y poder sostener un desarrollo ante las adversidades, buscando el camino alternativo para ello, ya que hay factores que no dependen de ellos.<\/p>\n\n\n\n<p><\/p>","protected":false},"excerpt":{"rendered":"<p>Los factores externos afectar\u00e1n directamente a este tipo de mercados. Un seguimiento de los escenarios que se desarrollar\u00e1n.\u00a0 Los mercados &#8230;<\/p>","protected":false},"author":3,"featured_media":206,"comment_status":"closed","ping_status":"closed","sticky":false,"template":"","format":"standard","meta":{"footnotes":""},"categories":[391],"tags":[40,131,25,98,17,130,132],"class_list":["post-205","post","type-post","status-publish","format-standard","has-post-thumbnail","hentry","category-economia-global-y-geopolitica","tag-crecimeinto-economico","tag-crisis-climatica","tag-economias-globales","tag-economias-locales","tag-geopolitica","tag-mercados-fronterizos","tag-politicas-ambientales"],"_links":{"self":[{"href":"https:\/\/observadoreconomico.com\/en\/wp-json\/wp\/v2\/posts\/205","targetHints":{"allow":["GET"]}}],"collection":[{"href":"https:\/\/observadoreconomico.com\/en\/wp-json\/wp\/v2\/posts"}],"about":[{"href":"https:\/\/observadoreconomico.com\/en\/wp-json\/wp\/v2\/types\/post"}],"author":[{"embeddable":true,"href":"https:\/\/observadoreconomico.com\/en\/wp-json\/wp\/v2\/users\/3"}],"replies":[{"embeddable":true,"href":"https:\/\/observadoreconomico.com\/en\/wp-json\/wp\/v2\/comments?post=205"}],"version-history":[{"count":1,"href":"https:\/\/observadoreconomico.com\/en\/wp-json\/wp\/v2\/posts\/205\/revisions"}],"predecessor-version":[{"id":208,"href":"https:\/\/observadoreconomico.com\/en\/wp-json\/wp\/v2\/posts\/205\/revisions\/208"}],"wp:featuredmedia":[{"embeddable":true,"href":"https:\/\/observadoreconomico.com\/en\/wp-json\/wp\/v2\/media\/206"}],"wp:attachment":[{"href":"https:\/\/observadoreconomico.com\/en\/wp-json\/wp\/v2\/media?parent=205"}],"wp:term":[{"taxonomy":"category","embeddable":true,"href":"https:\/\/observadoreconomico.com\/en\/wp-json\/wp\/v2\/categories?post=205"},{"taxonomy":"post_tag","embeddable":true,"href":"https:\/\/observadoreconomico.com\/en\/wp-json\/wp\/v2\/tags?post=205"}],"curies":[{"name":"wp","href":"https:\/\/api.w.org\/{rel}","templated":true}]}}