{"id":257,"date":"2024-12-09T13:54:42","date_gmt":"2024-12-09T13:54:42","guid":{"rendered":"https:\/\/observadoreconomico.com\/?p=257"},"modified":"2025-02-13T16:56:56","modified_gmt":"2025-02-13T16:56:56","slug":"deuda-soberana-global-el-panorama-actual-predice-una-nueva-crisis","status":"publish","type":"post","link":"https:\/\/observadoreconomico.com\/en\/economia-global-y-geopolitica\/deuda-soberana-global-el-panorama-actual-predice-una-nueva-crisis\/","title":{"rendered":"Deuda soberana global: \u00bfEl panorama actual predice una nueva crisis?"},"content":{"rendered":"<h2 class=\"wp-block-heading\">La deuda soberana global creci\u00f3 significativamente y genera grandes preocupaciones. Un punteo de los factores que indican la necesidad de acciones.\u00a0<\/h2>\n\n\n\n<figure class=\"wp-block-image\"><img decoding=\"async\" src=\"https:\/\/lh7-rt.googleusercontent.com\/docsz\/AD_4nXf804lp_o8dhH9M3F2jxYnTX7g25ybwF3nmMt_Kc5iEx4Difdracq-W4SGqk9oTEf3e7IWo3ZHcQ1FWhcTFfS03zDeAQVgVIJ3Rb_5ifFxF4VZ-c9lBiHqXsTx46TaVUfoiVx5N?key=4Futs-Otjlm7c5qid3SHUNDx\" alt=\"\"\/><\/figure>\n\n\n\n<p>Actualmente, diversos pa\u00edses tienen acumulados <strong>d\u00e9ficits significativos<\/strong> para sostener sus econom\u00edas, enfrentando presiones fiscales crecientes,&nbsp; tasas de inter\u00e9s en aumento y una creciente fragilidad en los mercados emergentes. Este escenario deja en evidencia que se atraviesa una<strong> deuda soberana<\/strong>, antes no registrada.&nbsp;<\/p>\n\n\n\n<p>Este escenario presenta preocupaciones globales ante una posible<strong> nueva crisis<\/strong>, devenida de las <strong>deudas<\/strong> que tienen los pa\u00edses, que podr\u00edan incrementarse y desatar un panorama mundial que pone en riesgo a todas las econom\u00edas.&nbsp;<\/p>\n\n\n\n<h3 class=\"wp-block-heading\"><strong>Factores preocupantes ante una posible crisis<\/strong><\/h3>\n\n\n\n<p>Desde la pandemia del coronavirus, los pa\u00edses tomaron decisiones financieras para salir de la preocupante situaci\u00f3n que gener\u00f3 esta afecci\u00f3n. A cuatro a\u00f1os de este momento, las cifras respecto a la econom\u00eda mundial son preocupantes, por el alto<strong> nivel de deuda,<\/strong> antes no registrado.&nbsp;<\/p>\n\n\n\n<p>Seg\u00fan informaci\u00f3n del Banco Mundial y el Fondo Monetario Internacional (FMI) la deuda global, tanto p\u00fablica como privada, supera los $300 billones, mientras que la <strong>deuda soberana<\/strong> sola ronda los $92 billones.&nbsp;<\/p>\n\n\n\n<p>En esta l\u00ednea, las tasas de inter\u00e9s altas que se establecieron como herramienta econ\u00f3mica&nbsp; encarece el costo del endeudamiento para los pa\u00edses, puntualmente para los que tienen monedas d\u00e9biles o econom\u00edas dependientes de financiamiento externo, como es el caso de la Argentina. Combinado con la decisi\u00f3n que tomaron estos territorios sobre una <strong>reestructuraci\u00f3n de deuda<\/strong>, el panorama es m\u00e1s preocupante.&nbsp;<\/p>\n\n\n\n<p>El enfrentamiento comercial entre pa\u00edses como Estados Unidos y China y los conflictos b\u00e9licos en vigencia, que ponen en juego las <strong>cadenas de suministros y generan inflaci\u00f3n global<\/strong>, es uno de los factores que contribuyen al desarrollo de una posible crisis.&nbsp;<\/p>\n\n\n\n<figure class=\"wp-block-image\"><img decoding=\"async\" src=\"https:\/\/lh7-rt.googleusercontent.com\/docsz\/AD_4nXfG6z1jxA9CV9uWNgFS-o8_aEP8fRFhvraPtcmheVZ5TFVI3KwREnWspSO8-jw4atjtxOrHYAHyHQIP1cvcx8hwtgpgpVO4wz3kBK5wKC5zOzGgFr89dBiDHx1RdZB0mF2PrjtjIg?key=4Futs-Otjlm7c5qid3SHUNDx\" alt=\"\"\/><\/figure>\n\n\n\n<p>Ante este escenario, expertos en la materia indican que es necesario reevaluar los modelos de financiamiento soberano. Los pa\u00edses podr\u00edan apostar a otras herramientas como son bonos vinculados a objetivos de<strong> sostenibilidad o mecanismos <\/strong>que ajustan los pagos en funci\u00f3n del crecimiento econ\u00f3mico.<\/p>\n\n\n\n<p>En este sentido, la preocupaci\u00f3n ante una posible crisis<strong> de deuda global <\/strong>es muy fuerte, por lo que se indica que es necesario tomar medidas preventivas de forma coordinada a nivel internacional en b\u00fasqueda de una reestructuraci\u00f3n de deuda y promover la sostenibilidad fiscal.<\/p>\n\n\n\n<p>La gesti\u00f3n prudente, tanto en las econom\u00edas avanzadas como en las emergentes, de<strong> la deuda soberana<\/strong> ser\u00e1 clave en los pr\u00f3ximos a\u00f1os para evitar una crisis mundial.&nbsp;<\/p>","protected":false},"excerpt":{"rendered":"<p>La deuda soberana global creci\u00f3 significativamente y genera grandes preocupaciones. Un punteo de los factores que indican la necesidad de &#8230;<\/p>","protected":false},"author":3,"featured_media":258,"comment_status":"closed","ping_status":"closed","sticky":false,"template":"","format":"standard","meta":{"footnotes":""},"categories":[391],"tags":[216,213,212,25,93,217,215,214,211,73],"class_list":["post-257","post","type-post","status-publish","format-standard","has-post-thumbnail","hentry","category-economia-global-y-geopolitica","tag-cadenas-de-suministros","tag-deficits-significativos","tag-deuda-soberana-global","tag-economias-globales","tag-inflacion-global","tag-mecanismos","tag-nivel-de-deuda","tag-nueva-crisis","tag-panorama-actual","tag-sostenibilidad"],"_links":{"self":[{"href":"https:\/\/observadoreconomico.com\/en\/wp-json\/wp\/v2\/posts\/257","targetHints":{"allow":["GET"]}}],"collection":[{"href":"https:\/\/observadoreconomico.com\/en\/wp-json\/wp\/v2\/posts"}],"about":[{"href":"https:\/\/observadoreconomico.com\/en\/wp-json\/wp\/v2\/types\/post"}],"author":[{"embeddable":true,"href":"https:\/\/observadoreconomico.com\/en\/wp-json\/wp\/v2\/users\/3"}],"replies":[{"embeddable":true,"href":"https:\/\/observadoreconomico.com\/en\/wp-json\/wp\/v2\/comments?post=257"}],"version-history":[{"count":1,"href":"https:\/\/observadoreconomico.com\/en\/wp-json\/wp\/v2\/posts\/257\/revisions"}],"predecessor-version":[{"id":259,"href":"https:\/\/observadoreconomico.com\/en\/wp-json\/wp\/v2\/posts\/257\/revisions\/259"}],"wp:featuredmedia":[{"embeddable":true,"href":"https:\/\/observadoreconomico.com\/en\/wp-json\/wp\/v2\/media\/258"}],"wp:attachment":[{"href":"https:\/\/observadoreconomico.com\/en\/wp-json\/wp\/v2\/media?parent=257"}],"wp:term":[{"taxonomy":"category","embeddable":true,"href":"https:\/\/observadoreconomico.com\/en\/wp-json\/wp\/v2\/categories?post=257"},{"taxonomy":"post_tag","embeddable":true,"href":"https:\/\/observadoreconomico.com\/en\/wp-json\/wp\/v2\/tags?post=257"}],"curies":[{"name":"wp","href":"https:\/\/api.w.org\/{rel}","templated":true}]}}