{"id":297,"date":"2024-12-30T18:13:05","date_gmt":"2024-12-30T18:13:05","guid":{"rendered":"https:\/\/observadoreconomico.com\/?p=297"},"modified":"2025-02-13T16:52:41","modified_gmt":"2025-02-13T16:52:41","slug":"el-resurgimiento-de-las-commodities-y-el-escenario-incierto-sobre-su-estabilidad","status":"publish","type":"post","link":"https:\/\/observadoreconomico.com\/en\/economia-global-y-geopolitica\/el-resurgimiento-de-las-commodities-y-el-escenario-incierto-sobre-su-estabilidad\/","title":{"rendered":"El resurgimiento de las commodities y el escenario incierto sobre su estabilidad\u00a0"},"content":{"rendered":"<h2 class=\"wp-block-heading\">La expectativa sobre este escenario est\u00e1 dividida entre los analistas con argumentos paralelos sobre el futuro.\u00a0<\/h2>\n\n\n\n<figure class=\"wp-block-image size-large\"><img loading=\"lazy\" decoding=\"async\" width=\"1024\" height=\"597\" src=\"https:\/\/observadoreconomico.com\/wp-content\/uploads\/2024\/12\/Captura-de-pantalla-2024-12-30-150918-1024x597.jpg\" alt=\"\" class=\"wp-image-299\" srcset=\"https:\/\/observadoreconomico.com\/wp-content\/uploads\/2024\/12\/Captura-de-pantalla-2024-12-30-150918-1024x597.jpg 1024w, https:\/\/observadoreconomico.com\/wp-content\/uploads\/2024\/12\/Captura-de-pantalla-2024-12-30-150918-300x175.jpg 300w, https:\/\/observadoreconomico.com\/wp-content\/uploads\/2024\/12\/Captura-de-pantalla-2024-12-30-150918-768x447.jpg 768w, https:\/\/observadoreconomico.com\/wp-content\/uploads\/2024\/12\/Captura-de-pantalla-2024-12-30-150918.jpg 1500w\" sizes=\"auto, (max-width: 1024px) 100vw, 1024px\" \/><\/figure>\n\n\n\n<p>En los \u00faltimos tiempos, el mercado global de <strong>commodities<\/strong> experimenta una notable reactivaci\u00f3n. Desde el petr\u00f3leo hasta los metales preciosos y los productos agr\u00edcolas, los precios demostraron un crecimiento que volvi\u00f3 a captar la atenci\u00f3n de<strong> inversores, analistas y legisladores por igual.<\/strong><\/p>\n\n\n\n<p>Este nuevo panorama impuls\u00f3 especulaciones, que van desde un an\u00e1lisis para conocer sobre un posible <strong>escenario positivo <\/strong>sostenido o si se trata de una ola, que se terminar\u00e1 en un corto tiempo generando nuevos aspectos negativos a sobrepasar.&nbsp;<\/p>\n\n\n\n<h3 class=\"wp-block-heading\"><strong>\u00bfUna recuperaci\u00f3n econ\u00f3mica o una ola pasajera?<\/strong><\/h3>\n\n\n\n<p>La pandemia del coronavirus comenzada en 2020, adem\u00e1s de dejar un panorama social complicado, tuvo un gran efecto en la econom\u00eda mundial. La<strong> volatilidad<\/strong> en los mercados globales se increment\u00f3 debido a las eventualidades del contexto que llev\u00f3 a establecer medidas mundiales ante la crisis,&nbsp; pero tambi\u00e9n surgieron condiciones para una recuperaci\u00f3n sin precedentes.<\/p>\n\n\n\n<p>El aumento de la demanda de <strong>commodities<\/strong> es uno de los aspectos que demuestra este contexto, impulsado por distintas variables como la apertura econ\u00f3mica,&nbsp; est\u00edmulos fiscales por parte de autoridades y la transici\u00f3n de la energ\u00e9tica.&nbsp;<\/p>\n\n\n\n<p>Estos elementos habr\u00edan sido los fundamentales para provocar una<strong> inflaci\u00f3n<\/strong> en los precios de las materias primas considerada estructural, pero tambi\u00e9n impulsaron la hip\u00f3tesis sobre burbujas especulativas similares a las atravesadas&nbsp; anteriormente.&nbsp;<\/p>\n\n\n\n<p>Quienes especulan que este escenario es una posible burbuja, se apoyan en el escenario, que presenta una volatilidad econ\u00f3mica, lo que conlleva realizar <strong>movimientos especulativos<\/strong>; presentaci\u00f3n de flujos de inversi\u00f3n masivos; desacople de los fundamentales, ya que los precios actuales no reflejan la realidad de la oferta y la demanda.<\/p>\n\n\n\n<p>Sin embargo, no todos los analistas coinciden en que el mercado est\u00e9 en una burbuja, un sector analiza que se podr\u00eda estar frente a un aumento sostenido debido a que se presenta o deficiencias en la oferta con inversiones insuficientes en&nbsp; infraestructura de <strong>extracci\u00f3n y producci\u00f3n <\/strong>durante los \u00faltimos a\u00f1os, lo que lleva a restricciones.&nbsp;<\/p>\n\n\n\n<figure class=\"wp-block-image\"><img decoding=\"async\" src=\"https:\/\/lh7-rt.googleusercontent.com\/docsz\/AD_4nXctguKUwFa5QTUxkC5hySJvng3Mt9-ttScKIiLu3ykxqv-owO_ahcPHqjQxcLsTGr6kbP0G4tmzxP7V1IJo4zkRyT25T7DguahixwbmYSuWdQWCJ0wkCWefpVIa4-fMgcOb1G-S?key=OdmKt47z75UPuxHpQ_bL_EcI\" alt=\"\"\/><\/figure>\n\n\n\n<p>Los cambios geopol\u00edticos tambi\u00e9n es un factor incrementa esta teor\u00eda, ya que las tensiones entre las grandes econom\u00edas aumentaron la demanda de commodities nacionales o provenientes de aliados estrat\u00e9gicos. El<strong> crecimiento demogr\u00e1fico y urbano <\/strong>en diversos pa\u00edses ha impulsado la demanda de materiales de construcci\u00f3n y energ\u00eda.<\/p>\n\n\n\n<p>Estos factores, combinados con la creciente popularidad de las<strong> inversiones en sostenibilidad<\/strong>, podr\u00edan sostener los precios de ciertas materias primas durante las pr\u00f3ximas d\u00e9cadas.<\/p>\n\n\n\n<p>En este sentido, el crecimiento de la<strong>s commodities <\/strong>tambi\u00e9n est\u00e1 influyendo en otros tipos de activos. Las acciones de empresas mineras y energ\u00e9ticas muestran un rendimiento m\u00e1s alto que el de los \u00edndices generales, mientras que la inflaci\u00f3n surgida de los altos precios de las materias primas est\u00e1 impactando negativamente los bonos.<\/p>\n\n\n\n<p>Por su parte, los bancos centrales siguen el<strong> an\u00e1lisis del escenario<\/strong> ante los posibles efectos de las commodities en la inflaci\u00f3n global, realizando medidas restrictivas para controlar los precios al consumidor.&nbsp;&nbsp;<\/p>\n\n\n\n<p>No obstante, el futuro de las <strong>&nbsp;commodities<\/strong> depender\u00e1 directamente de la evoluci\u00f3n de las innovaciones tecnol\u00f3gicas, las pol\u00edticas clim\u00e1ticas y los riesgos geopol\u00edticos.&nbsp;<\/p>\n\n\n\n<p>En este sentido, los inversores deber\u00e1n separar las tendencias de largo plazo de las <strong>fluctuaciones especulativas.<\/strong> Una estrategia diversificada y basada en datos fundamentales ser\u00e1 clave para capitalizar las oportunidades sin asumir riesgos excesivos.<\/p>","protected":false},"excerpt":{"rendered":"<p>La expectativa sobre este escenario est\u00e1 dividida entre los analistas con argumentos paralelos sobre el futuro.\u00a0 En los \u00faltimos tiempos, &#8230;<\/p>","protected":false},"author":3,"featured_media":298,"comment_status":"closed","ping_status":"closed","sticky":false,"template":"","format":"standard","meta":{"footnotes":""},"categories":[391],"tags":[291,289,296,25,290,271,295,13,297,29,104,28,69,292,294,293,73,67],"class_list":["post-297","post","type-post","status-publish","format-standard","has-post-thumbnail","hentry","category-economia-global-y-geopolitica","tag-analistas","tag-commodities","tag-crecimiento-demografico","tag-economias-globales","tag-escenario-incierto","tag-estabilidad","tag-estriccion","tag-finanzas","tag-fluctuaciones","tag-globalizacion","tag-inflacion","tag-inversion","tag-inversores","tag-legisladores","tag-movimientos","tag-produccion","tag-sostenibilidad","tag-volatilidad"],"_links":{"self":[{"href":"https:\/\/observadoreconomico.com\/en\/wp-json\/wp\/v2\/posts\/297","targetHints":{"allow":["GET"]}}],"collection":[{"href":"https:\/\/observadoreconomico.com\/en\/wp-json\/wp\/v2\/posts"}],"about":[{"href":"https:\/\/observadoreconomico.com\/en\/wp-json\/wp\/v2\/types\/post"}],"author":[{"embeddable":true,"href":"https:\/\/observadoreconomico.com\/en\/wp-json\/wp\/v2\/users\/3"}],"replies":[{"embeddable":true,"href":"https:\/\/observadoreconomico.com\/en\/wp-json\/wp\/v2\/comments?post=297"}],"version-history":[{"count":1,"href":"https:\/\/observadoreconomico.com\/en\/wp-json\/wp\/v2\/posts\/297\/revisions"}],"predecessor-version":[{"id":300,"href":"https:\/\/observadoreconomico.com\/en\/wp-json\/wp\/v2\/posts\/297\/revisions\/300"}],"wp:featuredmedia":[{"embeddable":true,"href":"https:\/\/observadoreconomico.com\/en\/wp-json\/wp\/v2\/media\/298"}],"wp:attachment":[{"href":"https:\/\/observadoreconomico.com\/en\/wp-json\/wp\/v2\/media?parent=297"}],"wp:term":[{"taxonomy":"category","embeddable":true,"href":"https:\/\/observadoreconomico.com\/en\/wp-json\/wp\/v2\/categories?post=297"},{"taxonomy":"post_tag","embeddable":true,"href":"https:\/\/observadoreconomico.com\/en\/wp-json\/wp\/v2\/tags?post=297"}],"curies":[{"name":"wp","href":"https:\/\/api.w.org\/{rel}","templated":true}]}}