{"id":333,"date":"2025-02-10T17:56:37","date_gmt":"2025-02-10T17:56:37","guid":{"rendered":"https:\/\/observadoreconomico.com\/?p=333"},"modified":"2025-02-13T16:50:33","modified_gmt":"2025-02-13T16:50:33","slug":"el-futuro-del-teletrabajo-y-su-efecto-diversos-sectores","status":"publish","type":"post","link":"https:\/\/observadoreconomico.com\/en\/tendencias-economicas-y-futuro-del-trabajo\/el-futuro-del-teletrabajo-y-su-efecto-diversos-sectores\/","title":{"rendered":"El futuro del teletrabajo y su efecto en diversos sectores\u00a0"},"content":{"rendered":"<h2 class=\"wp-block-heading\">El trabajo remoto atraviesa su mayor momento de adaptaci\u00f3n y con ello se generaron cambios sociales de gran impacto.&nbsp;<\/h2>\n\n\n\n<figure class=\"wp-block-image size-large\"><img loading=\"lazy\" decoding=\"async\" width=\"1024\" height=\"683\" src=\"https:\/\/observadoreconomico.com\/wp-content\/uploads\/2025\/02\/guy-cap-works-with-laptop-sitting-with-his-legs-thrown-table-portrait-man-against-space-suitcase-inflatable-circle-1024x683.jpg\" alt=\"\" class=\"wp-image-335\" srcset=\"https:\/\/observadoreconomico.com\/wp-content\/uploads\/2025\/02\/guy-cap-works-with-laptop-sitting-with-his-legs-thrown-table-portrait-man-against-space-suitcase-inflatable-circle-1024x683.jpg 1024w, https:\/\/observadoreconomico.com\/wp-content\/uploads\/2025\/02\/guy-cap-works-with-laptop-sitting-with-his-legs-thrown-table-portrait-man-against-space-suitcase-inflatable-circle-300x200.jpg 300w, https:\/\/observadoreconomico.com\/wp-content\/uploads\/2025\/02\/guy-cap-works-with-laptop-sitting-with-his-legs-thrown-table-portrait-man-against-space-suitcase-inflatable-circle-768x512.jpg 768w, https:\/\/observadoreconomico.com\/wp-content\/uploads\/2025\/02\/guy-cap-works-with-laptop-sitting-with-his-legs-thrown-table-portrait-man-against-space-suitcase-inflatable-circle.jpg 1500w\" sizes=\"auto, (max-width: 1024px) 100vw, 1024px\" \/><\/figure>\n\n\n\n<p>El <strong>teletrabajo<\/strong> se convirti\u00f3 en un concepto y pr\u00e1ctica con un boom acelerado por la pandemia de coronavirus, cuando globalmente se tomaron medidas restrictivas de aislamiento, desde entonces el mundo laboral cambi\u00f3.&nbsp;<\/p>\n\n\n\n<p>Aunque se trata de una medida de emergencia, hoy en d\u00eda se posiciona como una opci\u00f3n sostenida tanto para empleadores como para empleados. Y esta nueva din\u00e1mica est\u00e1 redefiniendo sectores claves, con respecto a la modalidad<strong> y tareas laborales<\/strong>, que podr\u00edan dominar en los pr\u00f3ximos a\u00f1os.<\/p>\n\n\n\n<h2 class=\"wp-block-heading\"><strong>La transformaci\u00f3n de una estructura laboral consolidada&nbsp;<\/strong><\/h2>\n\n\n\n<p>T\u00e9rminos como <strong>el teletrabajo y el homeoffice<\/strong> iniciaron una transformaci\u00f3n en el \u00e1mbito laboral. Como primera instancia, se destaca que esta nueva pr\u00e1ctica para trabajar gener\u00f3 un gran cambio en la din\u00e1mica de las ciudades, al reducirse la necesidad de desplazamientos.&nbsp;<\/p>\n\n\n\n<p>Menos personas utilizando sistemas de transporte p\u00fablico y menores niveles de congesti\u00f3n vehicular llev\u00f3 a los gobiernos locales y empresas a reconsiderar un nuevo <strong>dise\u00f1o de la infraestructura urbana.&nbsp;<\/strong><\/p>\n\n\n\n<p>En esta l\u00ednea, se han reducido espacios de oficinas o transformarlas en espacios compartidos, que solo son utilizados cuando hay necesidad de presencialidad, lo que impact\u00f3 en el sector <strong>inmobiliario.<\/strong> Tambi\u00e9n, se proponen ajustes en la planificaci\u00f3n de transporte ante la disminuci\u00f3n de su uso.&nbsp;<\/p>\n\n\n\n<p>La<strong> descentralizaci\u00f3n urbana <\/strong>es otro de los aspectos destacados, ya que con la opci\u00f3n de realizar el trabajo en un hogar u otra instalaci\u00f3n, motiv\u00f3 a muchas personas a mudarse de grandes ciudades a m\u00e1s peque\u00f1as o a \u00e1reas rurales. Esto podr\u00eda reducir la densidad poblacional en centros urbanos, pero tambi\u00e9n se requiere una nueva de infraestructura en sectores menos desarrollados.<\/p>\n\n\n\n<figure class=\"wp-block-image\"><img decoding=\"async\" src=\"https:\/\/lh7-rt.googleusercontent.com\/docsz\/AD_4nXd3oPC0lVThAPtumcf6J0zLAQLon2OL8hiSM9mgmO59GhuOX_DqStS4q-Cj9fAVSPz7aXIOBqKSc82y5Xu9LbRryMREDCFsOuk5JP0lHtcBoW_VusdJqq7eMnbdHMIVEUD9NGE_eA?key=DhHI6nlG_FN2MPca-hLW9pD-\" alt=\"\"\/><\/figure>\n\n\n\n<p>Por supuesto que en este nuevo panorama la <strong>tecnolog\u00eda<\/strong> tiene un lugar de suprema importancia, ya que permiti\u00f3 esta transici\u00f3n, facilitando la comunicaci\u00f3n con&nbsp; plataformas de videoconferencia, las herramientas de colaboraci\u00f3n en la nube y con soluciones de ciberseguridad.&nbsp;<\/p>\n\n\n\n<p>De all\u00ed se crearon nuevas necesidades, como es la<strong> conectividad r\u00e1pida y confiable<\/strong> de banda ancha y tecnolog\u00edas como 5G. Pa\u00edses y empresas est\u00e1n priorizando contar con una&nbsp; infraestructura digital para garantizar la participaci\u00f3n y adaptaci\u00f3n de los trabajadores.&nbsp;<\/p>\n\n\n\n<p>Respecto a los cambios en el <strong>mercado laboral,<\/strong> hay implicaciones directas como es la globalizaci\u00f3n del talento, eliminando fronteras geogr\u00e1ficas y tambi\u00e9n se abrieron las puertas a capacitaciones para puestos laborales adaptados a este escenario. Tambi\u00e9n, se cre\u00f3 la necesidad de una adaptaci\u00f3n a&nbsp; entornos virtuales y herramientas.&nbsp;<\/p>\n\n\n\n<p><strong>La flexibilidad laboral<\/strong> ya se posicion\u00f3 como una norma, ya que los empleados valoran cada vez m\u00e1s la posibilidad de trabajar desde casa, o a cualquier parte del mundo, y poder tener&nbsp; horarios m\u00e1s flexibles, lo que podr\u00eda convertirse en un est\u00e1ndar com\u00fan. Asimismo, diversas empresas est\u00e1n evaluando ajustar los sueldos al costo de vida de la ubicaci\u00f3n del empleado, en b\u00fasqueda de equidad y competitividad. Este nuevo <strong>escenario laboral<\/strong>, que se establece como norma en muchos sectores, gener\u00f3 nuevas tendencias ajustadas al contexto como son la concepci\u00f3n de c\u00f3mo se sustentan nuestras actividades diarias.<\/p>","protected":false},"excerpt":{"rendered":"<p>El trabajo remoto atraviesa su mayor momento de adaptaci\u00f3n y con ello se generaron cambios sociales de gran impacto.&nbsp; El &#8230;<\/p>","protected":false},"author":3,"featured_media":334,"comment_status":"closed","ping_status":"closed","sticky":false,"template":"","format":"standard","meta":{"footnotes":""},"categories":[395],"tags":[359,363,361,360,371,374,372,370,357,356,376,375,29,366,364,368,373,362,369,355,358,365],"class_list":["post-333","post","type-post","status-publish","format-standard","has-post-thumbnail","hentry","category-tendencias-economicas-y-futuro-del-trabajo","tag-adaptacion","tag-aislamiento","tag-boom","tag-cambios-sociales","tag-centros-urbanos","tag-conectividad-rapida","tag-densidad-poblacional","tag-descentralizacion-urbana","tag-diversos-sectores","tag-el-futuro","tag-escenario-laboral","tag-flexibilidad-laboral","tag-globalizacion","tag-homeoffice","tag-mundo-laboral","tag-nueva-practica","tag-nuevo-panorama","tag-pandemia","tag-presencialidad","tag-teletrabajo","tag-trabajo-remoto","tag-transformacion"],"_links":{"self":[{"href":"https:\/\/observadoreconomico.com\/en\/wp-json\/wp\/v2\/posts\/333","targetHints":{"allow":["GET"]}}],"collection":[{"href":"https:\/\/observadoreconomico.com\/en\/wp-json\/wp\/v2\/posts"}],"about":[{"href":"https:\/\/observadoreconomico.com\/en\/wp-json\/wp\/v2\/types\/post"}],"author":[{"embeddable":true,"href":"https:\/\/observadoreconomico.com\/en\/wp-json\/wp\/v2\/users\/3"}],"replies":[{"embeddable":true,"href":"https:\/\/observadoreconomico.com\/en\/wp-json\/wp\/v2\/comments?post=333"}],"version-history":[{"count":3,"href":"https:\/\/observadoreconomico.com\/en\/wp-json\/wp\/v2\/posts\/333\/revisions"}],"predecessor-version":[{"id":344,"href":"https:\/\/observadoreconomico.com\/en\/wp-json\/wp\/v2\/posts\/333\/revisions\/344"}],"wp:featuredmedia":[{"embeddable":true,"href":"https:\/\/observadoreconomico.com\/en\/wp-json\/wp\/v2\/media\/334"}],"wp:attachment":[{"href":"https:\/\/observadoreconomico.com\/en\/wp-json\/wp\/v2\/media?parent=333"}],"wp:term":[{"taxonomy":"category","embeddable":true,"href":"https:\/\/observadoreconomico.com\/en\/wp-json\/wp\/v2\/categories?post=333"},{"taxonomy":"post_tag","embeddable":true,"href":"https:\/\/observadoreconomico.com\/en\/wp-json\/wp\/v2\/tags?post=333"}],"curies":[{"name":"wp","href":"https:\/\/api.w.org\/{rel}","templated":true}]}}