{"id":354,"date":"2025-02-19T12:03:15","date_gmt":"2025-02-19T12:03:15","guid":{"rendered":"https:\/\/observadoreconomico.com\/?p=354"},"modified":"2025-04-09T20:19:47","modified_gmt":"2025-04-09T20:19:47","slug":"crecimiento-global-en-desaceleracion-y-la-recesion-sincronizada","status":"publish","type":"post","link":"https:\/\/observadoreconomico.com\/en\/fernando-boudourian\/crecimiento-global-en-desaceleracion-y-la-recesion-sincronizada\/","title":{"rendered":"Crecimiento global en desaceleraci\u00f3n y la recesi\u00f3n sincronizada a trav\u00e9s de los ojos de Fernando Boudourian"},"content":{"rendered":"<h1 class=\"wp-block-heading\">La preocupaci\u00f3n econ\u00f3mica se enfoca en conocer c\u00f3mo continuar\u00e1 el panorama econ\u00f3mico ante las medidas que aplicaron las potencias mediante sus bancos centrales.\u00a0<\/h1>\n\n\n\n<figure class=\"wp-block-image size-large\"><img loading=\"lazy\" decoding=\"async\" width=\"1024\" height=\"1024\" src=\"https:\/\/observadoreconomico.com\/wp-content\/uploads\/2025\/02\/2148561901-1024x1024.jpg\" alt=\"\" class=\"wp-image-355\" srcset=\"https:\/\/observadoreconomico.com\/wp-content\/uploads\/2025\/02\/2148561901-1024x1024.jpg 1024w, https:\/\/observadoreconomico.com\/wp-content\/uploads\/2025\/02\/2148561901-300x300.jpg 300w, https:\/\/observadoreconomico.com\/wp-content\/uploads\/2025\/02\/2148561901-150x150.jpg 150w, https:\/\/observadoreconomico.com\/wp-content\/uploads\/2025\/02\/2148561901-768x768.jpg 768w, https:\/\/observadoreconomico.com\/wp-content\/uploads\/2025\/02\/2148561901.jpg 1500w\" sizes=\"auto, (max-width: 1024px) 100vw, 1024px\" \/><\/figure>\n\n\n\n<p>Actualmente, la <strong>econom\u00eda mundial <\/strong>est\u00e1 atravesado por un periodo de&nbsp; incertidumbre marcado por una desaceleraci\u00f3n del crecimiento en las principales econom\u00edas, derivado por la puesta en marcha de decisiones que van desde pol\u00edticas monetarias restrictivas hasta por las tensiones geopol\u00edticas.<\/p>\n\n\n\n<p>Por ello, no es desatinado que una de las <strong>preocupaciones globales<\/strong> es que se desate una recesi\u00f3n, sincronizada. En este escenario, el especialista Fernando Boudourian, remarca la importancia del an\u00e1lisis de tendencias econ\u00f3micas para poder accionar al respecto, con nuevas estrategias, si es necesario.&nbsp;&nbsp;<\/p>\n\n\n\n<h3 class=\"wp-block-heading\"><strong>La recesi\u00f3n, el resultado de medidas globales<\/strong><\/h3>\n\n\n\n<p>En los \u00faltimos meses, el<strong> Fondo Monetario Internacional (FMI)<\/strong> lanz\u00f3 una advertencia que alert\u00f3 a las econom\u00edas mundiales: el crecimiento mundial ser\u00e1 m\u00e1s moderado de lo esperado en 2024 y 2025. Por ello, habr\u00e1 una presi\u00f3n en la actividad econ\u00f3mica.&nbsp;<\/p>\n\n\n\n<p>En Estados Unidos, la econom\u00eda empieza a evidenciar signos de enfriamiento y la <strong>Reserva Federal (Fed) <\/strong>mantuvo una pol\u00edtica monetaria restrictiva en b\u00fasqueda de controlar la inflaci\u00f3n, medida que tuvo sus consecuencias como el aumento del costo de financiamiento y reducci\u00f3n del consumo privado y la inversi\u00f3n empresarial.<\/p>\n\n\n\n<p>En este escenario, el crecimiento del PIB atraviesa un momento de <strong>desaceleraci\u00f3n<\/strong>, y podr\u00eda haber una contracci\u00f3n en sectores clave como el manufacturero y la vivienda.<\/p>\n\n\n\n<p>Pero tambi\u00e9n Europa enfrenta un preocupante panorama al mostrar un crecimiento bajo, afectado por la debilidad de la industria alemana, las <strong>tensiones energ\u00e9ticas<\/strong> derivadas de la guerra en Ucrania y un consumo interno lastrado por la inflaci\u00f3n persistente. El Banco Central Europeo (BCE) tambi\u00e9n mantiene tasas de inter\u00e9s elevadas, lo que no colabora con una recuperaci\u00f3n econ\u00f3mica.<\/p>\n\n\n\n<figure class=\"wp-block-image size-large\"><img loading=\"lazy\" decoding=\"async\" width=\"1024\" height=\"576\" src=\"https:\/\/observadoreconomico.com\/wp-content\/uploads\/2025\/02\/3215-1024x576.jpg\" alt=\"\" class=\"wp-image-357\" srcset=\"https:\/\/observadoreconomico.com\/wp-content\/uploads\/2025\/02\/3215-1024x576.jpg 1024w, https:\/\/observadoreconomico.com\/wp-content\/uploads\/2025\/02\/3215-300x169.jpg 300w, https:\/\/observadoreconomico.com\/wp-content\/uploads\/2025\/02\/3215-768x432.jpg 768w, https:\/\/observadoreconomico.com\/wp-content\/uploads\/2025\/02\/3215.jpg 1500w\" sizes=\"auto, (max-width: 1024px) 100vw, 1024px\" \/><\/figure>\n\n\n\n<p>Tambi\u00e9n, los mercados emergentes, ven pausas sus perspectivas ya que no cuentan con el impulso del crecimiento global, La <strong>apreciaci\u00f3n del d\u00f3lar<\/strong> y el encarecimiento del cr\u00e9dito complicaron la estabilidad financiera de varias econom\u00edas en desarrollo.<\/p>\n\n\n\n<p>Entre los factores que pueden impulsar una recesi\u00f3n, de forma sincronizada, se destaca la pol\u00edtica monetaria restrictiva, <strong>tensiones geopol\u00edticas<\/strong> y la fragilidad en los mercados emergentes, son algunas de ellas.&nbsp;<\/p>\n\n\n\n<p>Ante este escenario, los<strong> bancos centrales<\/strong> y los gobiernos deben evaluar con cautela tanto sus estrategias como&nbsp; sus respuestas para evitar una recesi\u00f3n profunda. Desde ajustes en la pol\u00edtica monetaria, medidas de est\u00edmulo fiscal y una coordinaci\u00f3n internacional entre los principales actores globales para evitar un colapso sincronizado.<\/p>\n\n\n\n<p>No obstante, la <strong>desaceleraci\u00f3n del crecimiento global<\/strong> es un hecho, la magnitud y efecto de una posible recesi\u00f3n depende de c\u00f3mo evolucionen los factores de riesgo y de las respuestas de los hacedores de pol\u00edtica.<\/p>\n\n\n\n<p>La vigilancia de los indicadores econ\u00f3micos, la<strong> flexibilidad en las pol\u00edticas<\/strong> monetarias y fiscales y una mayor cooperaci\u00f3n internacional ser\u00e1n fundamentales para minimizar los efectos de una posible recesi\u00f3n sincronizada. En este sentido, la atenci\u00f3n de los mercados y los analistas se enfocar\u00e1 en analizar&nbsp; la evoluci\u00f3n de la inflaci\u00f3n, las decisiones de los bancos centrales y la resiliencia del consumo.&nbsp;<\/p>","protected":false},"excerpt":{"rendered":"<p>La preocupaci\u00f3n econ\u00f3mica se enfoca en conocer c\u00f3mo continuar\u00e1 el panorama econ\u00f3mico ante las medidas que aplicaron las potencias mediante &#8230;<\/p>","protected":false},"author":3,"featured_media":356,"comment_status":"closed","ping_status":"closed","sticky":false,"template":"","format":"standard","meta":{"footnotes":""},"categories":[398],"tags":[134,429,425,414,120,315,125,427,413,421,426,430,417,424,419,416,85,423,418,415,420,422,162,428],"class_list":["post-354","post","type-post","status-publish","format-standard","has-post-thumbnail","hentry","category-fernando-boudourian","tag-bancos-centrales","tag-consumo-privado","tag-cooperacion-internaciona","tag-crecimiento-global","tag-desaceleracion","tag-economia-mundial","tag-estados-unidos","tag-europa","tag-fernando-boudourian","tag-fmi","tag-inflacion-persistente","tag-inversion-empresarial","tag-las-potencias","tag-los-mercados","tag-medidas-globales","tag-panorama-economico","tag-politicas-fiscales","tag-politicas-monetarias","tag-preocupaciones-globales","tag-recesion","tag-reserva-federal","tag-tensiones-energeticas","tag-tensiones-geopoliticas","tag-ucrania"],"_links":{"self":[{"href":"https:\/\/observadoreconomico.com\/en\/wp-json\/wp\/v2\/posts\/354","targetHints":{"allow":["GET"]}}],"collection":[{"href":"https:\/\/observadoreconomico.com\/en\/wp-json\/wp\/v2\/posts"}],"about":[{"href":"https:\/\/observadoreconomico.com\/en\/wp-json\/wp\/v2\/types\/post"}],"author":[{"embeddable":true,"href":"https:\/\/observadoreconomico.com\/en\/wp-json\/wp\/v2\/users\/3"}],"replies":[{"embeddable":true,"href":"https:\/\/observadoreconomico.com\/en\/wp-json\/wp\/v2\/comments?post=354"}],"version-history":[{"count":2,"href":"https:\/\/observadoreconomico.com\/en\/wp-json\/wp\/v2\/posts\/354\/revisions"}],"predecessor-version":[{"id":485,"href":"https:\/\/observadoreconomico.com\/en\/wp-json\/wp\/v2\/posts\/354\/revisions\/485"}],"wp:featuredmedia":[{"embeddable":true,"href":"https:\/\/observadoreconomico.com\/en\/wp-json\/wp\/v2\/media\/356"}],"wp:attachment":[{"href":"https:\/\/observadoreconomico.com\/en\/wp-json\/wp\/v2\/media?parent=354"}],"wp:term":[{"taxonomy":"category","embeddable":true,"href":"https:\/\/observadoreconomico.com\/en\/wp-json\/wp\/v2\/categories?post=354"},{"taxonomy":"post_tag","embeddable":true,"href":"https:\/\/observadoreconomico.com\/en\/wp-json\/wp\/v2\/tags?post=354"}],"curies":[{"name":"wp","href":"https:\/\/api.w.org\/{rel}","templated":true}]}}