{"id":418,"date":"2025-03-24T00:34:23","date_gmt":"2025-03-24T00:34:23","guid":{"rendered":"https:\/\/observadoreconomico.com\/?p=418"},"modified":"2025-04-09T20:16:18","modified_gmt":"2025-04-09T20:16:18","slug":"el-impacto-de-la-sequia-y-la-crisis-hidrica-en-los-mercados-globales","status":"publish","type":"post","link":"https:\/\/observadoreconomico.com\/en\/fernando-boudourian\/el-impacto-de-la-sequia-y-la-crisis-hidrica-en-los-mercados-globales\/","title":{"rendered":"Fernando Boudourian sobre el impacto de la sequ\u00eda y la crisis h\u00eddrica en los mercados globales"},"content":{"rendered":"<h2 class=\"wp-block-heading\">El cambio clim\u00e1tico atraviesa directamente la econom\u00eda global. Un punteo de las grandes preocupaciones con un escenario vol\u00e1til.\u00a0\u00a0<\/h2>\n\n\n\n<figure class=\"wp-block-image size-large\"><img loading=\"lazy\" decoding=\"async\" width=\"1024\" height=\"683\" src=\"https:\/\/observadoreconomico.com\/wp-content\/uploads\/2025\/03\/358342-1024x683.jpg\" alt=\"\" class=\"wp-image-421\" srcset=\"https:\/\/observadoreconomico.com\/wp-content\/uploads\/2025\/03\/358342-1024x683.jpg 1024w, https:\/\/observadoreconomico.com\/wp-content\/uploads\/2025\/03\/358342-300x200.jpg 300w, https:\/\/observadoreconomico.com\/wp-content\/uploads\/2025\/03\/358342-768x512.jpg 768w, https:\/\/observadoreconomico.com\/wp-content\/uploads\/2025\/03\/358342.jpg 1500w\" sizes=\"auto, (max-width: 1024px) 100vw, 1024px\" \/><\/figure>\n\n\n\n<p>La<strong> crisis h\u00eddrica <\/strong>que afecta es una preocupaci\u00f3n mundial, debido a que ya afecta a diversas regiones del mundo, lo que lo convirti\u00f3 en un factor determinante en la econom\u00eda global ya que representa un riesgo para los mercados, impactando sectores clave como la agricultura, la energ\u00eda y la industria manufacturera.<\/p>\n\n\n\n<p>A medida que el<strong> cambio clim\u00e1tico<\/strong> avanza,&nbsp; los periodos de sequ\u00eda, los inversionistas y las empresas se deben&nbsp; adaptar con sus estrategias para mitigar el impacto financiero y operativo.<\/p>\n\n\n\n<h3 class=\"wp-block-heading\"><strong>La escasez, el impacto global y la preocupaci\u00f3n en los mercados<\/strong><\/h3>\n\n\n\n<p>El <strong>cambio clim\u00e1tico<\/strong> se trata de la variaci\u00f3n en el estado del sistema clim\u00e1tico terrestre y esta alteraci\u00f3n afecta sistem\u00e1ticamente a la poblaci\u00f3n, que padece sus efectos tanto en cat\u00e1strofes como en el impacto que genera en diversas industrias.&nbsp;<\/p>\n\n\n\n<p>En este panorama, se indica que el sector agr\u00edcola es uno de las m\u00e1s vulnerable ante la crisis h\u00eddrica. La escasez del agua afecta directamente la <strong>producci\u00f3n de cultivos <\/strong>b\u00e1sicos en la industria alimenticia como el trigo, el ma\u00edz y la soja, generando<strong> volatilidad en los precios.&nbsp;<\/strong><\/p>\n\n\n\n<p>En los \u00faltimos a\u00f1os, ocurrieron diversas <strong>sequ\u00edas severas <\/strong>en regiones clave para la producci\u00f3n agropecuaria, como en Estados Unidos, Argentina y el sur de Europa.<\/p>\n\n\n\n<p>&nbsp;Por ello, desde la Organizaci\u00f3n de las Naciones Unidas para la Alimentaci\u00f3n y la Agricultura (FAO) lanzaron advertencias respecto a que la reducci\u00f3n en los<strong> rendimientos agr\u00edcolas<\/strong> podr\u00eda llevar a una crisis alimentarias y un aumento de los precios de los alimentos. Esto pod\u00eda derivar a un <strong>aumento de la inflaci\u00f3n global.&nbsp;<\/strong><\/p>\n\n\n\n<p>Una situaci\u00f3n similar se atraviesa respecto al agua, siendo un recurso finito. Y es en el sector hidroel\u00e9ctrico que se est\u00e1 frente a una situaci\u00f3n cr\u00edtica. La disminuci\u00f3n de los caudales de los r\u00edos y la <strong>reducci\u00f3n de las reservas <\/strong>llev\u00f3 a algunos pa\u00edses a reducir su producci\u00f3n hidroel\u00e9ctrica, generando escasez de energ\u00eda y aumentando la dependencia de combustibles f\u00f3siles.<\/p>\n\n\n\n<p>Esta crisis afecta la refrigeraci\u00f3n de plantas termoel\u00e9ctricas y nucleares, esto puede llevar a una reducci\u00f3n en la capacidad de generaci\u00f3n y disminuci\u00f3n del <strong>suministro el\u00e9ctrico.<\/strong><\/p>\n\n\n\n<p>Tambi\u00e9n, el \u00e1rea industrial sufre el impacto de la crisis h\u00eddrica. Desde la manufactura de productos como <strong>semiconductores, textiles y productos qu\u00edmicos<\/strong> ya que para su producci\u00f3n necesita grandes vol\u00famenes de agua. Por supuesto que esta situaci\u00f3n genera interrupciones en las cadenas de suministro globales.<\/p>\n\n\n\n<p>Respecto a los mercados financieros, la reacci\u00f3n fue&nbsp; con una mayor&nbsp; presencia de volatilidad en sectores expuestos al riesgo h\u00eddrico. Y los inversores empezaron a priorizar activos resilientes al cambio clim\u00e1tico, como son las tecnolog\u00edas de reutilizaci\u00f3n de agua. En este sentido, el especialista financiero <strong>Fernando Boudourian<\/strong> indica que es de gran importancia comprender a fondo las necesidades antes de definir una estrategia de inversi\u00f3n.<\/p>\n\n\n\n<figure class=\"wp-block-image size-large\"><img loading=\"lazy\" decoding=\"async\" width=\"954\" height=\"1024\" src=\"https:\/\/observadoreconomico.com\/wp-content\/uploads\/2025\/03\/drought-954x1024.jpg\" alt=\"\" class=\"wp-image-419\" srcset=\"https:\/\/observadoreconomico.com\/wp-content\/uploads\/2025\/03\/drought-954x1024.jpg 954w, https:\/\/observadoreconomico.com\/wp-content\/uploads\/2025\/03\/drought-280x300.jpg 280w, https:\/\/observadoreconomico.com\/wp-content\/uploads\/2025\/03\/drought-768x824.jpg 768w, https:\/\/observadoreconomico.com\/wp-content\/uploads\/2025\/03\/drought-1431x1536.jpg 1431w, https:\/\/observadoreconomico.com\/wp-content\/uploads\/2025\/03\/drought.jpg 1500w\" sizes=\"auto, (max-width: 954px) 100vw, 954px\" \/><\/figure>\n\n\n\n<p>Por ello, a medida que la<strong> crisis h\u00eddrica<\/strong> avanza, los gobiernos y el sector privado tienen que plantear y poner en marcha estrategias para minimizar su impacto. Las inversiones en tecnolog\u00edas de desalinizaci\u00f3n, sistemas de irrigaci\u00f3n y modernizaci\u00f3n de redes de distribuci\u00f3n de agua se convirtieron en clave.&nbsp;<\/p>\n\n\n\n<p>Tambi\u00e9n, los acuerdos internacionales sobre el manejo del agua y el desarrollo de modelos de econom\u00eda circular ganaron gran importancia para poder garantizar la <strong>estabilidad econ\u00f3mica <\/strong>y la seguridad alimentaria.&nbsp;<\/p>\n\n\n\n<p>Lo cierto es que la capacidad de <strong>adaptaci\u00f3n e innovaci\u00f3n<\/strong> ser\u00e1 de suma importancia para enfrentar el impacto que esta crisis tiene en la&nbsp; econom\u00eda.&nbsp;<\/p>","protected":false},"excerpt":{"rendered":"<p>El cambio clim\u00e1tico atraviesa directamente la econom\u00eda global. Un punteo de las grandes preocupaciones con un escenario vol\u00e1til.\u00a0\u00a0 La crisis &#8230;<\/p>","protected":false},"author":3,"featured_media":420,"comment_status":"closed","ping_status":"closed","sticky":false,"template":"","format":"standard","meta":{"footnotes":""},"categories":[398],"tags":[666,359,660,659,465,150,149,667,72,82,125,27,427,413,656,93,192,657,655,661,668,424,658,31,545,663,664,662,139,665,67],"class_list":["post-418","post","type-post","status-publish","format-standard","has-post-thumbnail","hentry","category-fernando-boudourian","tag-acuerdos-internacionales","tag-adaptacion","tag-agricultura","tag-alimentacion","tag-argentina","tag-cambio-climatico","tag-crisis-hidrica","tag-desalinizacion","tag-economia-global","tag-estabilidad-economica","tag-estados-unidos","tag-estrategias","tag-europa","tag-fernando-boudourian","tag-grandes-preocupaciones","tag-inflacion-global","tag-innovacion","tag-la-escasez","tag-la-sequia","tag-las-reservas","tag-los-gobiernos","tag-los-mercados","tag-los-precios","tag-mercados-financieros","tag-naciones-unidas","tag-productos-quimicos","tag-semiconductores","tag-suministro-electrico","tag-tecnologias","tag-textiles","tag-volatilidad"],"_links":{"self":[{"href":"https:\/\/observadoreconomico.com\/en\/wp-json\/wp\/v2\/posts\/418","targetHints":{"allow":["GET"]}}],"collection":[{"href":"https:\/\/observadoreconomico.com\/en\/wp-json\/wp\/v2\/posts"}],"about":[{"href":"https:\/\/observadoreconomico.com\/en\/wp-json\/wp\/v2\/types\/post"}],"author":[{"embeddable":true,"href":"https:\/\/observadoreconomico.com\/en\/wp-json\/wp\/v2\/users\/3"}],"replies":[{"embeddable":true,"href":"https:\/\/observadoreconomico.com\/en\/wp-json\/wp\/v2\/comments?post=418"}],"version-history":[{"count":3,"href":"https:\/\/observadoreconomico.com\/en\/wp-json\/wp\/v2\/posts\/418\/revisions"}],"predecessor-version":[{"id":480,"href":"https:\/\/observadoreconomico.com\/en\/wp-json\/wp\/v2\/posts\/418\/revisions\/480"}],"wp:featuredmedia":[{"embeddable":true,"href":"https:\/\/observadoreconomico.com\/en\/wp-json\/wp\/v2\/media\/420"}],"wp:attachment":[{"href":"https:\/\/observadoreconomico.com\/en\/wp-json\/wp\/v2\/media?parent=418"}],"wp:term":[{"taxonomy":"category","embeddable":true,"href":"https:\/\/observadoreconomico.com\/en\/wp-json\/wp\/v2\/categories?post=418"},{"taxonomy":"post_tag","embeddable":true,"href":"https:\/\/observadoreconomico.com\/en\/wp-json\/wp\/v2\/tags?post=418"}],"curies":[{"name":"wp","href":"https:\/\/api.w.org\/{rel}","templated":true}]}}