{"id":540,"date":"2025-05-07T14:39:04","date_gmt":"2025-05-07T14:39:04","guid":{"rendered":"https:\/\/observadoreconomico.com\/?p=540"},"modified":"2025-05-05T17:46:00","modified_gmt":"2025-05-05T17:46:00","slug":"economias-duales-como-estan-resurgiendo-las-zonas-grises-entre-informalidad-y-formalidad","status":"publish","type":"post","link":"https:\/\/observadoreconomico.com\/en\/fernando-boudourian\/economias-duales-como-estan-resurgiendo-las-zonas-grises-entre-informalidad-y-formalidad\/","title":{"rendered":"Econom\u00edas duales: c\u00f3mo est\u00e1n resurgiendo las zonas grises entre informalidad y formalidad | por Fernando Boudourian"},"content":{"rendered":"<h2 class=\"wp-block-heading\">En el escenario mundial, se presenta nuevamente un esquema en la que se ponen en evidencia los dos esquemas laborales, que se fusionan.\u00a0<\/h2>\n\n\n\n<figure class=\"wp-block-image size-large\"><img loading=\"lazy\" decoding=\"async\" width=\"1024\" height=\"683\" src=\"https:\/\/observadoreconomico.com\/wp-content\/uploads\/2025\/05\/2149094956-1024x683.jpg\" alt=\"\" class=\"wp-image-542\" srcset=\"https:\/\/observadoreconomico.com\/wp-content\/uploads\/2025\/05\/2149094956-1024x683.jpg 1024w, https:\/\/observadoreconomico.com\/wp-content\/uploads\/2025\/05\/2149094956-300x200.jpg 300w, https:\/\/observadoreconomico.com\/wp-content\/uploads\/2025\/05\/2149094956-768x512.jpg 768w, https:\/\/observadoreconomico.com\/wp-content\/uploads\/2025\/05\/2149094956.jpg 1500w\" sizes=\"auto, (max-width: 1024px) 100vw, 1024px\" \/><\/figure>\n\n\n\n<p>El escenario econ\u00f3mico mundial est\u00e1 caracterizado por la recuperaci\u00f3n desigual <strong>postpandemia, <\/strong>el avance tecnol\u00f3gico disruptivo y el debilitamiento de las instituciones laborales tradicionales, las econom\u00edas duales resurgen como una opci\u00f3n viable.<\/p>\n\n\n\n<p>Este modelo, generalmente vinculado al <strong>desarrollo desigual <\/strong>entre sectores modernos y tradicionales, hoy presenta&nbsp; nuevas din\u00e1micas, dejando en evidencia que existe un espacio intermedio entre la econom\u00eda formal y la informal: las llamadas <strong>zonas grises.<\/strong><\/p>\n\n\n\n<p>Estas<strong> zonas h\u00edbridas,<\/strong> dif\u00edciles de cuantificar y de regular, ponen en discusi\u00f3n los marcos fiscales, laborales y de protecci\u00f3n social, exponiendo a los modelos cl\u00e1sicos de planificaci\u00f3n econ\u00f3mica y gesti\u00f3n p\u00fablica.&nbsp;<\/p>\n\n\n\n<p>Sobre todo en las<strong> econom\u00edas emergentes<\/strong> se est\u00e1 configurando un esquema en el que miles de trabajadores y unidades productivas operan en un limbo regulatorio, atravesado por una econom\u00eda paralela que no cuenta&nbsp; ni con marginalidad total ni en la formalizaci\u00f3n.<\/p>\n\n\n\n<h3 class=\"wp-block-heading\"><strong>La dualidad, un esquema que crece a gran escala<\/strong><\/h3>\n\n\n\n<p>La<strong> dualidad econ\u00f3mica<\/strong> no se trata simplemente de un contraste entre trabajadores asalariados formales e informales, sino de una multiplicaci\u00f3n de formas de empleo, emprendimientos y arreglos de contratos que quedan por fuera de las categor\u00edas tradicionales.<\/p>\n\n\n\n<p>En muchos pa\u00edses latinoamericanos, por ejemplo, esta situaci\u00f3n es tratada como la \u201cformalizaci\u00f3n parcial\u201d, ya que se registra un trabajador que puede tener seguridad social, pero percibe parte de su salario en negro; o<strong> \u201ccuentapropistas formalizados\u201d<\/strong> que tributan como monotributistas, pero no tienen cobertura real de salud o previsional.<\/p>\n\n\n\n<p>Este tipo de esquemas puede debilitar la <strong>efectividad de las pol\u00edticas p\u00fablicas<\/strong> y pone en cuesti\u00f3n los indicadores de formalidad que los gobiernos informan.<\/p>\n\n\n\n<p>En este escenario, entra en juego el auge de la econom\u00eda de plataformas que acrecent\u00f3 esta transici\u00f3n hacia una<strong> informalidad <\/strong>m\u00e1s sofisticada. Aunque muchas empresas operan dentro del marco legal, las condiciones laborales de sus trabajadores reflejan una precariedad estructural: sin contratos estables, sin cobertura social y con ingresos inestables.<\/p>\n\n\n\n<p>Esta situaci\u00f3n dio lugar a una nueva fragmentaci\u00f3n llamada trabajadores<strong> \u201caut\u00f3nomos dependientes<\/strong>\u201d, formalizados como contribuyentes, pero desprotegidos frente a riesgos sociales b\u00e1sicos.<\/p>\n\n\n\n<figure class=\"wp-block-image\"><img decoding=\"async\" src=\"https:\/\/lh7-rt.googleusercontent.com\/docsz\/AD_4nXcscoO5SMbqZ_eKQy4Rgz4tMmpK44Nmivtsvbfj4VuP7v5pcSFAoJ7xuGMxwEKFlf5S37an0U3VVlh9o-61NsBJI_i2TcLPPR7QgUtMYDe_8eFo4fj2l3aZcrs8WRuiJ8sj6zPDgQ?key=0cnUZ5tlrznveXbOanY0kii_\" alt=\"\"\/><\/figure>\n\n\n\n<p>Lo cierto es que el aumento de las zonas grises no solo tiene<strong> consecuencias sociales,<\/strong> sino tambi\u00e9n macroecon\u00f3micas. La baja densidad contributiva erosiona la base impositiva, limita la recaudaci\u00f3n fiscal y debilita la sostenibilidad de los sistemas de seguridad social.<\/p>\n\n\n\n<p>Por lo tanto, puede debilitar el <strong>financiamiento de pol\u00edticas p\u00fablicas esenciales,<\/strong> y puede aumentar la desigualdad, ya que quienes est\u00e1n en la formalidad deben soportar una mayor carga tributaria relativa.&nbsp;<\/p>\n\n\n\n<p>Ante este panorama, expertos en<strong> econom\u00eda laboral<\/strong> advierten que la estrategia no puede reducirse al control o a la penalizaci\u00f3n sino en generar&nbsp; incentivos para&nbsp; la formalizaci\u00f3n progresiva, y as\u00ed obtener una simplificaci\u00f3n tributaria, mejoras en el acceso al cr\u00e9dito, protecci\u00f3n social y educaci\u00f3n financiera.<\/p>\n\n\n\n<p>En este sentido, para el especialista financiero <strong>&nbsp;Fernando Boudourian<\/strong> es de gran importancia el an\u00e1lisis de tendencias econ\u00f3micas para la toma de decisiones estrat\u00e9gicas.<\/p>\n\n\n\n<p>Por esto, el resurgimiento de las econom\u00edas duales plantea un obst\u00e1culo mayor que es repensar la formalidad en un mundo de trabajo cada vez m\u00e1s fragmentado. Las <strong>pol\u00edticas p\u00fablicas<\/strong> deber\u00e1n transitar de un paradigma h\u00edbrido entre lo formal e informal para alcanzar&nbsp; uno m\u00e1s din\u00e1mico, en la que se tenga en cuenta las transiciones, las trayectorias laborales m\u00faltiples y los derechos que se deben cumplir.&nbsp;<\/p>","protected":false},"excerpt":{"rendered":"<p>En el escenario mundial, se presenta nuevamente un esquema en la que se ponen en evidencia los dos esquemas laborales, &#8230;<\/p>","protected":false},"author":3,"featured_media":541,"comment_status":"closed","ping_status":"closed","sticky":false,"template":"","format":"standard","meta":{"footnotes":""},"categories":[398],"tags":[1032,1017,1036,1031,1034,1029,1026,1014,1022,1007,783,1013,1012,413,1011,1020,1023,1010,1030,1018,1024,1027,1019,1028,1015,1035,1008,1033,73,1025,1021,1009,1016],"class_list":["post-540","post","type-post","status-publish","format-standard","has-post-thumbnail","hentry","category-fernando-boudourian","tag-autonomos-dependientes","tag-avance-tecnologico","tag-base-impositiva","tag-cobertura-social","tag-consecuencias-sociales","tag-contratos-estables","tag-cuentapropistas","tag-desarrollo-desigual","tag-economia-paralela","tag-economias-duales","tag-escenario-mundial","tag-esquemas-laborales","tag-evidencia","tag-fernando-boudourian","tag-formalidad","tag-gestion-publica","tag-gran-escala","tag-informalidad","tag-ingresos-inestables","tag-instituciones-laborales","tag-la-dualidad","tag-monotributistas","tag-planificacion-economica","tag-politicas-publicas","tag-postpandemia","tag-recaudacion-fiscal","tag-resurgiendo","tag-riesgos-sociales","tag-sostenibilidad","tag-trabajadores-asalariados","tag-unidades-productivas","tag-zonas-grises","tag-zonas-hibridas"],"_links":{"self":[{"href":"https:\/\/observadoreconomico.com\/en\/wp-json\/wp\/v2\/posts\/540","targetHints":{"allow":["GET"]}}],"collection":[{"href":"https:\/\/observadoreconomico.com\/en\/wp-json\/wp\/v2\/posts"}],"about":[{"href":"https:\/\/observadoreconomico.com\/en\/wp-json\/wp\/v2\/types\/post"}],"author":[{"embeddable":true,"href":"https:\/\/observadoreconomico.com\/en\/wp-json\/wp\/v2\/users\/3"}],"replies":[{"embeddable":true,"href":"https:\/\/observadoreconomico.com\/en\/wp-json\/wp\/v2\/comments?post=540"}],"version-history":[{"count":3,"href":"https:\/\/observadoreconomico.com\/en\/wp-json\/wp\/v2\/posts\/540\/revisions"}],"predecessor-version":[{"id":552,"href":"https:\/\/observadoreconomico.com\/en\/wp-json\/wp\/v2\/posts\/540\/revisions\/552"}],"wp:featuredmedia":[{"embeddable":true,"href":"https:\/\/observadoreconomico.com\/en\/wp-json\/wp\/v2\/media\/541"}],"wp:attachment":[{"href":"https:\/\/observadoreconomico.com\/en\/wp-json\/wp\/v2\/media?parent=540"}],"wp:term":[{"taxonomy":"category","embeddable":true,"href":"https:\/\/observadoreconomico.com\/en\/wp-json\/wp\/v2\/categories?post=540"},{"taxonomy":"post_tag","embeddable":true,"href":"https:\/\/observadoreconomico.com\/en\/wp-json\/wp\/v2\/tags?post=540"}],"curies":[{"name":"wp","href":"https:\/\/api.w.org\/{rel}","templated":true}]}}