{"id":987,"date":"2025-11-07T13:47:00","date_gmt":"2025-11-07T13:47:00","guid":{"rendered":"https:\/\/observadoreconomico.com\/?p=987"},"modified":"2025-11-12T01:55:49","modified_gmt":"2025-11-12T01:55:49","slug":"crisis-de-1873-y-ciclo-1865-1876","status":"publish","type":"post","link":"https:\/\/observadoreconomico.com\/en\/historia-economica\/crisis-de-1873-y-ciclo-1865-1876\/","title":{"rendered":"Crisis de 1873 y ciclo 1865-1876"},"content":{"rendered":"<p>Apoy\u00e1ndose en la producci\u00f3n de bienes manufacturados duraderos, Hansen establece un cuadro en el que aparecen los puntos de inversi\u00f3n de la tendencia en los Estados Unidos. Los porcentajes de disminuci\u00f3n de la producci\u00f3n de los bienes manufacturados duraderos en el curso de la depresi\u00f3n nos informan sobre su amplitud. Examinemos primeramente el ciclo que culmina en 1872-1873.<\/p>\n\n\n\n<p>El \u00edndice de la producci\u00f3n de bienes manufacturados duraderos se eleva de 1865 a 1869; desciende entre 1869 y 1871, y de nuevo vuelve a crecer hasta 1872. La expansi\u00f3n dura, pues, 7 a\u00f1os, y es cortada por una depresi\u00f3n entre 1869 y 1871. A continuaci\u00f3n, la depresi\u00f3n se prolonga durante cuatro a\u00f1os, de 1872 a 1876. Calculado de esta manera, el ciclo dura alrededor de 11 a\u00f1os y la depresi\u00f3n es particularmente profunda. La producci\u00f3n de bienes manufacturados duraderos se reduce en un 33% y habr\u00e1 que esperar hasta 1878 para que esta producci\u00f3n alcance el nivel de 1872. Pero, sin embargo, no se logra el pleno empleo.<\/p>\n\n\n\n<p>La expansi\u00f3n americana de 1865-1872 se caracteriza por una r\u00e1pida extensi\u00f3n de la red ferroviaria que, de 49.310 km en 1860 pasa a 106.500 en 1873. Algo parecido ocurre en Alemania, donde se desarrolla la siderurgia aprovechando la anexi\u00f3n, en 1871, de Alsacia y Lorena y la indemnizaci\u00f3n francesa. Este flujo de capitales favorecer\u00e1 la especulaci\u00f3n en Berl\u00edn y en Viena, donde los valores industriales subir\u00e1n r\u00e1pidamente.<\/p>\n\n\n\n<p>Pero la aceleraci\u00f3n del movimiento especulativo no impide la debilitaci\u00f3n de la producci\u00f3n y la reducci\u00f3n de los dividendos a partir de 1873. La crisis estalla en Alemania y en Austria a partir del mes de mayo de 1873, y en los Estados Unidos en septiembre de 1873, cuando la depresi\u00f3n ya es patente. La quiebra de una de las grandes casas americanas,&#8221;Jay Cooke and Co.&#8221;, no hace sino agravar el p\u00e1nico. Inglaterra se ve sobre todo afectada por la reducci\u00f3n de sus exportaciones y por las retiradas de fondos l\u00edquidos en libras esterlinas, en poder de extranjeros.<\/p>\n\n\n\n<p>Francia, al no haberse podido beneficiar de la expansi\u00f3n anterior a 1873, a causa de la guerra y de la derrota de 1870, escapa a este p\u00e1nico y a la grav\u00edsima depresi\u00f3n que le sigue. Sin embargo, sufrir\u00e1 los efectos de esta reducci\u00f3n de la actividad unos a\u00f1os m\u00e1s tarde. Recordemos que esta depresi\u00f3n mundial particularmente dura tiene lugar durante la baja Kondratieff 1873-1896.<\/p>","protected":false},"excerpt":{"rendered":"<p>Apoy\u00e1ndose en la producci\u00f3n de bienes manufacturados duraderos, Hansen establece un cuadro en el que aparecen los puntos de inversi\u00f3n &#8230;<\/p>","protected":false},"author":3,"featured_media":988,"comment_status":"closed","ping_status":"closed","sticky":false,"template":"","format":"standard","meta":{"footnotes":""},"categories":[1266],"tags":[1248,1307,1306],"class_list":["post-987","post","type-post","status-publish","format-standard","has-post-thumbnail","hentry","category-historia-economica","tag-crisis","tag-expansion-americana","tag-hansen"],"_links":{"self":[{"href":"https:\/\/observadoreconomico.com\/en\/wp-json\/wp\/v2\/posts\/987","targetHints":{"allow":["GET"]}}],"collection":[{"href":"https:\/\/observadoreconomico.com\/en\/wp-json\/wp\/v2\/posts"}],"about":[{"href":"https:\/\/observadoreconomico.com\/en\/wp-json\/wp\/v2\/types\/post"}],"author":[{"embeddable":true,"href":"https:\/\/observadoreconomico.com\/en\/wp-json\/wp\/v2\/users\/3"}],"replies":[{"embeddable":true,"href":"https:\/\/observadoreconomico.com\/en\/wp-json\/wp\/v2\/comments?post=987"}],"version-history":[{"count":1,"href":"https:\/\/observadoreconomico.com\/en\/wp-json\/wp\/v2\/posts\/987\/revisions"}],"predecessor-version":[{"id":989,"href":"https:\/\/observadoreconomico.com\/en\/wp-json\/wp\/v2\/posts\/987\/revisions\/989"}],"wp:featuredmedia":[{"embeddable":true,"href":"https:\/\/observadoreconomico.com\/en\/wp-json\/wp\/v2\/media\/988"}],"wp:attachment":[{"href":"https:\/\/observadoreconomico.com\/en\/wp-json\/wp\/v2\/media?parent=987"}],"wp:term":[{"taxonomy":"category","embeddable":true,"href":"https:\/\/observadoreconomico.com\/en\/wp-json\/wp\/v2\/categories?post=987"},{"taxonomy":"post_tag","embeddable":true,"href":"https:\/\/observadoreconomico.com\/en\/wp-json\/wp\/v2\/tags?post=987"}],"curies":[{"name":"wp","href":"https:\/\/api.w.org\/{rel}","templated":true}]}}